{"id":9782,"date":"2017-06-25T09:58:20","date_gmt":"2017-06-25T09:58:20","guid":{"rendered":"http:\/\/www.ayuntamientodeharia.com\/haria\/?p=9782"},"modified":"2017-06-25T09:58:20","modified_gmt":"2017-06-25T09:58:20","slug":"manuel-perdomo-y-lionel-morales-galardonados-con-los-premios-haria-2017","status":"publish","type":"post","link":"https:\/\/www.ayuntamientodeharia.com\/haria\/manuel-perdomo-y-lionel-morales-galardonados-con-los-premios-haria-2017\/","title":{"rendered":"Manuel Perdomo y Lionel Morales, galardonados con los \u2018Premios Har\u00eda 2017\u2019"},"content":{"rendered":"<p>El espectacular escenario del Auditorio de Jameos del Agua acogi\u00f3 en la noche de ayer s\u00e1bado, 24 de junio, el acto institucional de entrega de los \u2018Premios Har\u00eda 2017\u2019, destinados a aquellas personas o instituciones con una trayectoria destacada y que han contribuido con su trabajo al progreso y desarrollo del municipio norte\u00f1o.<\/p>\n<p><!--more--><\/p>\n<p>&nbsp;<\/p>\n<p>Este a\u00f1o, los galardonados fueron Manuel Perdomo, del que se destac\u00f3 la extraordinaria labor realizada en la recuperaci\u00f3n del patrimonio mobiliario relacionado con el sector primario, as\u00ed como el rescate de los antiguos talleres de Har\u00eda, y Lionel Morales, del que se puso en valor su magn\u00edfica trayectoria deportiva y de superaci\u00f3n personal, que lo han convertido en un ejemplo y referente para muchas personas.<\/p>\n<p>&nbsp;<\/p>\n<p>Antes de que comenzara el acto institucional actu\u00f3 la Banda Municipal de P\u00e1jara y a continuaci\u00f3n se proyect\u00f3 un v\u00eddeo promocional de Har\u00eda en el que, adem\u00e1s de la belleza de su paisaje, se recog\u00edan los valores patrimoniales del municipio.<\/p>\n<p>&nbsp;<\/p>\n<p>El alcalde norte\u00f1o, Marci Acu\u00f1a, le hizo entrega del galard\u00f3n a Manuel Perdomo, mientras que fue el presidente del Cabildo de Lanzarote, Pedro San Gin\u00e9s, quien hizo lo propio con Lionel Morales.<\/p>\n<p>&nbsp;<\/p>\n<p>En el transcurso del evento se aprovech\u00f3 tambi\u00e9n para rendir homenaje al Har\u00eda CF, que tras una gran temporada consigui\u00f3 el ascenso a la Tercera Divisi\u00f3n tras la eliminatoria disputada con la UD Los Llanos.<\/p>\n<p><a href=\"http:\/\/www.ayuntamientodeharia.com\/haria\/wp-content\/uploads\/2017\/06\/Premios-Har\u00eda-2017-1.jpg\"><img decoding=\"async\" class=\"alignleft size-thumbnail wp-image-9784\" src=\"http:\/\/www.ayuntamientodeharia.com\/haria\/wp-content\/uploads\/2017\/06\/Premios-Har\u00eda-2017-1-150x150.jpg\" alt=\"Premios Har\u00eda 2017 (1)\" width=\"150\" height=\"150\" \/><\/a> <a href=\"http:\/\/www.ayuntamientodeharia.com\/haria\/wp-content\/uploads\/2017\/06\/Premios-Har\u00eda-2017-3.jpg\"><img decoding=\"async\" class=\"alignleft size-thumbnail wp-image-9785\" src=\"http:\/\/www.ayuntamientodeharia.com\/haria\/wp-content\/uploads\/2017\/06\/Premios-Har\u00eda-2017-3-150x150.jpg\" alt=\"Premios Har\u00eda 2017 (3)\" width=\"150\" height=\"150\" \/><\/a><\/p>\n","protected":false},"excerpt":{"rendered":"<p>El espectacular escenario del Auditorio de Jameos del Agua acogi\u00f3 en la noche de ayer s\u00e1bado, 24 de junio, el acto institucional de entrega de los \u2018Premios Har\u00eda 2017\u2019, destinados a aquellas personas o instituciones con una trayectoria destacada y que han contribuido con su trabajo al progreso y desarrollo del municipio norte\u00f1o.<\/p>\n","protected":false},"author":7,"featured_media":9783,"comment_status":"closed","ping_status":"closed","sticky":false,"template":"","format":"standard","meta":{"footnotes":""},"categories":[15,81],"tags":[],"class_list":["post-9782","post","type-post","status-publish","format-standard","has-post-thumbnail","hentry","category-festejos","category-municipio"],"_links":{"self":[{"href":"https:\/\/www.ayuntamientodeharia.com\/haria\/wp-json\/wp\/v2\/posts\/9782","targetHints":{"allow":["GET"]}}],"collection":[{"href":"https:\/\/www.ayuntamientodeharia.com\/haria\/wp-json\/wp\/v2\/posts"}],"about":[{"href":"https:\/\/www.ayuntamientodeharia.com\/haria\/wp-json\/wp\/v2\/types\/post"}],"author":[{"embeddable":true,"href":"https:\/\/www.ayuntamientodeharia.com\/haria\/wp-json\/wp\/v2\/users\/7"}],"replies":[{"embeddable":true,"href":"https:\/\/www.ayuntamientodeharia.com\/haria\/wp-json\/wp\/v2\/comments?post=9782"}],"version-history":[{"count":1,"href":"https:\/\/www.ayuntamientodeharia.com\/haria\/wp-json\/wp\/v2\/posts\/9782\/revisions"}],"predecessor-version":[{"id":9786,"href":"https:\/\/www.ayuntamientodeharia.com\/haria\/wp-json\/wp\/v2\/posts\/9782\/revisions\/9786"}],"wp:featuredmedia":[{"embeddable":true,"href":"https:\/\/www.ayuntamientodeharia.com\/haria\/wp-json\/wp\/v2\/media\/9783"}],"wp:attachment":[{"href":"https:\/\/www.ayuntamientodeharia.com\/haria\/wp-json\/wp\/v2\/media?parent=9782"}],"wp:term":[{"taxonomy":"category","embeddable":true,"href":"https:\/\/www.ayuntamientodeharia.com\/haria\/wp-json\/wp\/v2\/categories?post=9782"},{"taxonomy":"post_tag","embeddable":true,"href":"https:\/\/www.ayuntamientodeharia.com\/haria\/wp-json\/wp\/v2\/tags?post=9782"}],"curies":[{"name":"wp","href":"https:\/\/api.w.org\/{rel}","templated":true}]}}