{"id":9775,"date":"2017-06-24T08:46:28","date_gmt":"2017-06-24T08:46:28","guid":{"rendered":"http:\/\/www.ayuntamientodeharia.com\/haria\/?p=9775"},"modified":"2017-06-24T08:46:28","modified_gmt":"2017-06-24T08:46:28","slug":"dona-tina-recoge-la-medalla-viera-y-clavijo-2016","status":"publish","type":"post","link":"https:\/\/www.ayuntamientodeharia.com\/haria\/dona-tina-recoge-la-medalla-viera-y-clavijo-2016\/","title":{"rendered":"Do\u00f1a Tina recoge la \u2018Medalla Viera y Clavijo 2016\u2019"},"content":{"rendered":"<p>La maestra Ernestina Hern\u00e1ndez Peraza, natural de M\u00e1guez, recogi\u00f3 la \u2018Medalla Viera y Clavijo 2016\u2019, una distinci\u00f3n que anualmente concede el Gobierno de Canarias para reconocer la labor de los docentes y profesionales del Archipi\u00e9lago vinculados a la Educaci\u00f3n.<\/p>\n<p><!--more--><\/p>\n<p>&nbsp;<\/p>\n<p>La Biblioteca Insular fue el escenario elegido en la isla de Lanzarote para celebrar este acto conmemorativo para homenajear a Do\u00f1a Tina, que ha ejercido durante varios a\u00f1os tanto como profesora como directora en el colegio de infantil y primaria Mercedes Medina de Arrecife.<\/p>\n<p>&nbsp;<\/p>\n<p>Desde el Ayuntamiento norte\u00f1o se felicita nuevamente a Ernestina Hern\u00e1ndez por este reconocimiento y por toda una vida dedicada a la ense\u00f1anza.<\/p>\n","protected":false},"excerpt":{"rendered":"<p>La maestra Ernestina Hern\u00e1ndez Peraza, natural de M\u00e1guez, recogi\u00f3 la \u2018Medalla Viera y Clavijo 2016\u2019, una distinci\u00f3n que anualmente concede el Gobierno de Canarias para reconocer la labor de los docentes y profesionales del Archipi\u00e9lago vinculados a la Educaci\u00f3n.<\/p>\n","protected":false},"author":7,"featured_media":9776,"comment_status":"closed","ping_status":"closed","sticky":false,"template":"","format":"standard","meta":{"footnotes":""},"categories":[19,11],"tags":[],"class_list":["post-9775","post","type-post","status-publish","format-standard","has-post-thumbnail","hentry","category-formacion","category-hoja-de-haria"],"_links":{"self":[{"href":"https:\/\/www.ayuntamientodeharia.com\/haria\/wp-json\/wp\/v2\/posts\/9775","targetHints":{"allow":["GET"]}}],"collection":[{"href":"https:\/\/www.ayuntamientodeharia.com\/haria\/wp-json\/wp\/v2\/posts"}],"about":[{"href":"https:\/\/www.ayuntamientodeharia.com\/haria\/wp-json\/wp\/v2\/types\/post"}],"author":[{"embeddable":true,"href":"https:\/\/www.ayuntamientodeharia.com\/haria\/wp-json\/wp\/v2\/users\/7"}],"replies":[{"embeddable":true,"href":"https:\/\/www.ayuntamientodeharia.com\/haria\/wp-json\/wp\/v2\/comments?post=9775"}],"version-history":[{"count":1,"href":"https:\/\/www.ayuntamientodeharia.com\/haria\/wp-json\/wp\/v2\/posts\/9775\/revisions"}],"predecessor-version":[{"id":9777,"href":"https:\/\/www.ayuntamientodeharia.com\/haria\/wp-json\/wp\/v2\/posts\/9775\/revisions\/9777"}],"wp:featuredmedia":[{"embeddable":true,"href":"https:\/\/www.ayuntamientodeharia.com\/haria\/wp-json\/wp\/v2\/media\/9776"}],"wp:attachment":[{"href":"https:\/\/www.ayuntamientodeharia.com\/haria\/wp-json\/wp\/v2\/media?parent=9775"}],"wp:term":[{"taxonomy":"category","embeddable":true,"href":"https:\/\/www.ayuntamientodeharia.com\/haria\/wp-json\/wp\/v2\/categories?post=9775"},{"taxonomy":"post_tag","embeddable":true,"href":"https:\/\/www.ayuntamientodeharia.com\/haria\/wp-json\/wp\/v2\/tags?post=9775"}],"curies":[{"name":"wp","href":"https:\/\/api.w.org\/{rel}","templated":true}]}}