{"id":9763,"date":"2017-06-24T08:39:00","date_gmt":"2017-06-24T08:39:00","guid":{"rendered":"http:\/\/www.ayuntamientodeharia.com\/haria\/?p=9763"},"modified":"2017-06-24T08:39:00","modified_gmt":"2017-06-24T08:39:00","slug":"reunion-con-los-vecinos-de-arrieta-5","status":"publish","type":"post","link":"https:\/\/www.ayuntamientodeharia.com\/haria\/reunion-con-los-vecinos-de-arrieta-5\/","title":{"rendered":"Reuni\u00f3n con los vecinos de Arrieta"},"content":{"rendered":"<p>La concejala de Festejos, Soraya Brito, convoca a los vecinos de Arrieta a una reuni\u00f3n informativa para preparar el programa de actos de las Fiestas del Carmen, que tendr\u00e1 lugar el mi\u00e9rcoles 28 de junio, a las 20:00 horas, en el Centro Sociocultural La Garita.<\/p>\n","protected":false},"excerpt":{"rendered":"<p>La concejala de Festejos, Soraya Brito, convoca a los vecinos de Arrieta a una reuni\u00f3n informativa para preparar el programa de actos de las Fiestas del Carmen, que tendr\u00e1 lugar el mi\u00e9rcoles 28 de junio, a las 20:00 horas, en el Centro Sociocultural La Garita.<\/p>\n","protected":false},"author":7,"featured_media":0,"comment_status":"closed","ping_status":"closed","sticky":false,"template":"","format":"standard","meta":{"footnotes":""},"categories":[15,11],"tags":[],"class_list":["post-9763","post","type-post","status-publish","format-standard","hentry","category-festejos","category-hoja-de-haria"],"_links":{"self":[{"href":"https:\/\/www.ayuntamientodeharia.com\/haria\/wp-json\/wp\/v2\/posts\/9763","targetHints":{"allow":["GET"]}}],"collection":[{"href":"https:\/\/www.ayuntamientodeharia.com\/haria\/wp-json\/wp\/v2\/posts"}],"about":[{"href":"https:\/\/www.ayuntamientodeharia.com\/haria\/wp-json\/wp\/v2\/types\/post"}],"author":[{"embeddable":true,"href":"https:\/\/www.ayuntamientodeharia.com\/haria\/wp-json\/wp\/v2\/users\/7"}],"replies":[{"embeddable":true,"href":"https:\/\/www.ayuntamientodeharia.com\/haria\/wp-json\/wp\/v2\/comments?post=9763"}],"version-history":[{"count":1,"href":"https:\/\/www.ayuntamientodeharia.com\/haria\/wp-json\/wp\/v2\/posts\/9763\/revisions"}],"predecessor-version":[{"id":9764,"href":"https:\/\/www.ayuntamientodeharia.com\/haria\/wp-json\/wp\/v2\/posts\/9763\/revisions\/9764"}],"wp:attachment":[{"href":"https:\/\/www.ayuntamientodeharia.com\/haria\/wp-json\/wp\/v2\/media?parent=9763"}],"wp:term":[{"taxonomy":"category","embeddable":true,"href":"https:\/\/www.ayuntamientodeharia.com\/haria\/wp-json\/wp\/v2\/categories?post=9763"},{"taxonomy":"post_tag","embeddable":true,"href":"https:\/\/www.ayuntamientodeharia.com\/haria\/wp-json\/wp\/v2\/tags?post=9763"}],"curies":[{"name":"wp","href":"https:\/\/api.w.org\/{rel}","templated":true}]}}