{"id":9725,"date":"2017-06-16T16:07:34","date_gmt":"2017-06-16T16:07:34","guid":{"rendered":"http:\/\/www.ayuntamientodeharia.com\/haria\/?p=9725"},"modified":"2017-06-16T16:07:34","modified_gmt":"2017-06-16T16:07:34","slug":"felicitacion-a-la-seleccion-juvenil-de-lucha","status":"publish","type":"post","link":"https:\/\/www.ayuntamientodeharia.com\/haria\/felicitacion-a-la-seleccion-juvenil-de-lucha\/","title":{"rendered":"Felicitaci\u00f3n a la selecci\u00f3n juvenil de lucha"},"content":{"rendered":"<p>El Club de Lucha Uni\u00f3n Norte felicita a la selecci\u00f3n juvenil de Lanzarote de lucha canaria, en especial a Joel Curbelo y Sergio Niz, pertenecientes a la cantera del club norte\u00f1o, por lograr la quinta posici\u00f3n en el \u2018Campeonato de Canarias Torneo Obra Social La Caixa Pancho Camurria\u2019 celebrado en el terrero Laureano Castro de Tijarafe, La Palma.<\/p>\n","protected":false},"excerpt":{"rendered":"<p>El Club de Lucha Uni\u00f3n Norte felicita a la selecci\u00f3n juvenil de Lanzarote de lucha canaria, en especial a Joel Curbelo y Sergio Niz, pertenecientes a la cantera del club norte\u00f1o, por lograr la quinta posici\u00f3n en el \u2018Campeonato de Canarias Torneo Obra Social La Caixa Pancho Camurria\u2019 celebrado en el terrero Laureano Castro de [&hellip;]<\/p>\n","protected":false},"author":7,"featured_media":9726,"comment_status":"closed","ping_status":"closed","sticky":false,"template":"","format":"standard","meta":{"footnotes":""},"categories":[17,11],"tags":[],"class_list":["post-9725","post","type-post","status-publish","format-standard","has-post-thumbnail","hentry","category-deportes","category-hoja-de-haria"],"_links":{"self":[{"href":"https:\/\/www.ayuntamientodeharia.com\/haria\/wp-json\/wp\/v2\/posts\/9725","targetHints":{"allow":["GET"]}}],"collection":[{"href":"https:\/\/www.ayuntamientodeharia.com\/haria\/wp-json\/wp\/v2\/posts"}],"about":[{"href":"https:\/\/www.ayuntamientodeharia.com\/haria\/wp-json\/wp\/v2\/types\/post"}],"author":[{"embeddable":true,"href":"https:\/\/www.ayuntamientodeharia.com\/haria\/wp-json\/wp\/v2\/users\/7"}],"replies":[{"embeddable":true,"href":"https:\/\/www.ayuntamientodeharia.com\/haria\/wp-json\/wp\/v2\/comments?post=9725"}],"version-history":[{"count":1,"href":"https:\/\/www.ayuntamientodeharia.com\/haria\/wp-json\/wp\/v2\/posts\/9725\/revisions"}],"predecessor-version":[{"id":9727,"href":"https:\/\/www.ayuntamientodeharia.com\/haria\/wp-json\/wp\/v2\/posts\/9725\/revisions\/9727"}],"wp:featuredmedia":[{"embeddable":true,"href":"https:\/\/www.ayuntamientodeharia.com\/haria\/wp-json\/wp\/v2\/media\/9726"}],"wp:attachment":[{"href":"https:\/\/www.ayuntamientodeharia.com\/haria\/wp-json\/wp\/v2\/media?parent=9725"}],"wp:term":[{"taxonomy":"category","embeddable":true,"href":"https:\/\/www.ayuntamientodeharia.com\/haria\/wp-json\/wp\/v2\/categories?post=9725"},{"taxonomy":"post_tag","embeddable":true,"href":"https:\/\/www.ayuntamientodeharia.com\/haria\/wp-json\/wp\/v2\/tags?post=9725"}],"curies":[{"name":"wp","href":"https:\/\/api.w.org\/{rel}","templated":true}]}}