{"id":9715,"date":"2017-06-16T15:56:42","date_gmt":"2017-06-16T15:56:42","guid":{"rendered":"http:\/\/www.ayuntamientodeharia.com\/haria\/?p=9715"},"modified":"2017-06-16T15:56:42","modified_gmt":"2017-06-16T15:56:42","slug":"abierto-el-plazo-de-matricula-de-los-cursos-que-imparte-el-centro-de-educacion-de-personas-adultas","status":"publish","type":"post","link":"https:\/\/www.ayuntamientodeharia.com\/haria\/abierto-el-plazo-de-matricula-de-los-cursos-que-imparte-el-centro-de-educacion-de-personas-adultas\/","title":{"rendered":"Abierto el plazo de matr\u00edcula de los cursos que imparte el Centro de Educaci\u00f3n de Personas Adultas"},"content":{"rendered":"<p><a href=\"http:\/\/www.ayuntamientodeharia.com\/haria\/wp-content\/uploads\/2017\/06\/Titerroygatra.jpg\"><img decoding=\"async\" class=\"alignleft size-thumbnail wp-image-9716\" src=\"http:\/\/www.ayuntamientodeharia.com\/haria\/wp-content\/uploads\/2017\/06\/Titerroygatra-150x150.jpg\" alt=\"Titerroygatra\" width=\"150\" height=\"150\" \/><\/a>La Concejal\u00eda de Educaci\u00f3n, coordinada por Jos\u00e9 P\u00e9rez Dorta, en colaboraci\u00f3n con el Centro de Educaci\u00f3n de Personas Adultas de Lanzarote, CEPA Titerroygatra, informa a los vecinos del municipio que se encuentra abierto el plazo de matr\u00edcula para las ense\u00f1anzas de Formaci\u00f3n B\u00e1sica Inicial (Alfabetizaci\u00f3n niveles 1\u00ba y 2\u00ba), Graduado en Ense\u00f1anza Secundaria (GES), Curso de preparaci\u00f3n para la prueba de la obtenci\u00f3n directa del T\u00edtulo de GESO, Curso de preparaci\u00f3n para las pruebas de Acceso a Ciclos Formativos de FP, Curso del Aula Mentor, as\u00ed como para la Acreditaci\u00f3n Competencias Clave Europeas niveles dos y tres, que se impartir\u00e1n durante el curso el curso 2017\/2018.<\/p>\n<p><!--more--><\/p>\n<p>&nbsp;<\/p>\n<p>Las personas interesadas en la realizaci\u00f3n de alguno de los cursos deber\u00e1n gestionar la matr\u00edcula antes de 6 de julio, bien en el UAPA de Har\u00eda, de lunes a jueves, de 18:00 a 20:00 horas, en el Departamento de Educaci\u00f3n del Ayuntamiento o en el CEPA Titerroygatra, sito en la calle Carlos III s\/n. de Arrecife. Para m\u00e1s informaci\u00f3n pueden llamar al tel\u00e9fono 928 811 400.<\/p>\n","protected":false},"excerpt":{"rendered":"<p>La Concejal\u00eda de Educaci\u00f3n, coordinada por Jos\u00e9 P\u00e9rez Dorta, en colaboraci\u00f3n con el Centro de Educaci\u00f3n de Personas Adultas de Lanzarote, CEPA Titerroygatra, informa a los vecinos del municipio que se encuentra abierto el plazo de matr\u00edcula para las ense\u00f1anzas de Formaci\u00f3n B\u00e1sica Inicial (Alfabetizaci\u00f3n niveles 1\u00ba y 2\u00ba), Graduado en Ense\u00f1anza Secundaria (GES), Curso [&hellip;]<\/p>\n","protected":false},"author":7,"featured_media":0,"comment_status":"closed","ping_status":"closed","sticky":false,"template":"","format":"standard","meta":{"footnotes":""},"categories":[19,11],"tags":[],"class_list":["post-9715","post","type-post","status-publish","format-standard","hentry","category-formacion","category-hoja-de-haria"],"_links":{"self":[{"href":"https:\/\/www.ayuntamientodeharia.com\/haria\/wp-json\/wp\/v2\/posts\/9715","targetHints":{"allow":["GET"]}}],"collection":[{"href":"https:\/\/www.ayuntamientodeharia.com\/haria\/wp-json\/wp\/v2\/posts"}],"about":[{"href":"https:\/\/www.ayuntamientodeharia.com\/haria\/wp-json\/wp\/v2\/types\/post"}],"author":[{"embeddable":true,"href":"https:\/\/www.ayuntamientodeharia.com\/haria\/wp-json\/wp\/v2\/users\/7"}],"replies":[{"embeddable":true,"href":"https:\/\/www.ayuntamientodeharia.com\/haria\/wp-json\/wp\/v2\/comments?post=9715"}],"version-history":[{"count":1,"href":"https:\/\/www.ayuntamientodeharia.com\/haria\/wp-json\/wp\/v2\/posts\/9715\/revisions"}],"predecessor-version":[{"id":9717,"href":"https:\/\/www.ayuntamientodeharia.com\/haria\/wp-json\/wp\/v2\/posts\/9715\/revisions\/9717"}],"wp:attachment":[{"href":"https:\/\/www.ayuntamientodeharia.com\/haria\/wp-json\/wp\/v2\/media?parent=9715"}],"wp:term":[{"taxonomy":"category","embeddable":true,"href":"https:\/\/www.ayuntamientodeharia.com\/haria\/wp-json\/wp\/v2\/categories?post=9715"},{"taxonomy":"post_tag","embeddable":true,"href":"https:\/\/www.ayuntamientodeharia.com\/haria\/wp-json\/wp\/v2\/tags?post=9715"}],"curies":[{"name":"wp","href":"https:\/\/api.w.org\/{rel}","templated":true}]}}