{"id":9711,"date":"2017-06-16T15:51:57","date_gmt":"2017-06-16T15:51:57","guid":{"rendered":"http:\/\/www.ayuntamientodeharia.com\/haria\/?p=9711"},"modified":"2017-06-16T15:57:48","modified_gmt":"2017-06-16T15:57:48","slug":"cambio-de-horario-del-ayuntamiento","status":"publish","type":"post","link":"https:\/\/www.ayuntamientodeharia.com\/haria\/cambio-de-horario-del-ayuntamiento\/","title":{"rendered":"Cambio de horario del Ayuntamiento"},"content":{"rendered":"<p><a href=\"http:\/\/www.ayuntamientodeharia.com\/haria\/wp-content\/uploads\/2016\/07\/ayuntamiento.jpg\"><img decoding=\"async\" class=\"alignleft size-thumbnail wp-image-6230\" src=\"http:\/\/www.ayuntamientodeharia.com\/haria\/wp-content\/uploads\/2016\/07\/ayuntamiento-150x150.jpg\" alt=\"ayuntamiento\" width=\"150\" height=\"150\" \/><\/a>Ante la festividad de San Juan y el per\u00edodo vacacional, el Ayuntamiento norte\u00f1o comunica que entre los d\u00edas 19 y 23 de junio el horario de oficinas ser\u00e1 de 7:30 a 13:00 horas, mientras que el del parque m\u00f3vil, de 7:00 a 12:30 horas.<\/p>\n<p><!--more--><\/p>\n<p>&nbsp;<\/p>\n<p>Por otro lado, en el per\u00edodo comprendido entre el 26 de junio y el 30 de septiembre, el horario de oficinas se establece de 7:30 a 14:00 horas y el del parque m\u00f3vil, de 7:00 a 13:30 horas.<\/p>\n","protected":false},"excerpt":{"rendered":"<p>Ante la festividad de San Juan y el per\u00edodo vacacional, el Ayuntamiento norte\u00f1o comunica que entre los d\u00edas 19 y 23 de junio el horario de oficinas ser\u00e1 de 7:30 a 13:00 horas, mientras que el del parque m\u00f3vil, de 7:00 a 12:30 horas.<\/p>\n","protected":false},"author":7,"featured_media":0,"comment_status":"closed","ping_status":"closed","sticky":false,"template":"","format":"standard","meta":{"footnotes":""},"categories":[32,11],"tags":[],"class_list":["post-9711","post","type-post","status-publish","format-standard","hentry","category-anuncios","category-hoja-de-haria"],"_links":{"self":[{"href":"https:\/\/www.ayuntamientodeharia.com\/haria\/wp-json\/wp\/v2\/posts\/9711","targetHints":{"allow":["GET"]}}],"collection":[{"href":"https:\/\/www.ayuntamientodeharia.com\/haria\/wp-json\/wp\/v2\/posts"}],"about":[{"href":"https:\/\/www.ayuntamientodeharia.com\/haria\/wp-json\/wp\/v2\/types\/post"}],"author":[{"embeddable":true,"href":"https:\/\/www.ayuntamientodeharia.com\/haria\/wp-json\/wp\/v2\/users\/7"}],"replies":[{"embeddable":true,"href":"https:\/\/www.ayuntamientodeharia.com\/haria\/wp-json\/wp\/v2\/comments?post=9711"}],"version-history":[{"count":2,"href":"https:\/\/www.ayuntamientodeharia.com\/haria\/wp-json\/wp\/v2\/posts\/9711\/revisions"}],"predecessor-version":[{"id":9718,"href":"https:\/\/www.ayuntamientodeharia.com\/haria\/wp-json\/wp\/v2\/posts\/9711\/revisions\/9718"}],"wp:attachment":[{"href":"https:\/\/www.ayuntamientodeharia.com\/haria\/wp-json\/wp\/v2\/media?parent=9711"}],"wp:term":[{"taxonomy":"category","embeddable":true,"href":"https:\/\/www.ayuntamientodeharia.com\/haria\/wp-json\/wp\/v2\/categories?post=9711"},{"taxonomy":"post_tag","embeddable":true,"href":"https:\/\/www.ayuntamientodeharia.com\/haria\/wp-json\/wp\/v2\/tags?post=9711"}],"curies":[{"name":"wp","href":"https:\/\/api.w.org\/{rel}","templated":true}]}}