{"id":9704,"date":"2017-06-16T15:44:19","date_gmt":"2017-06-16T15:44:19","guid":{"rendered":"http:\/\/www.ayuntamientodeharia.com\/haria\/?p=9704"},"modified":"2017-06-16T15:44:19","modified_gmt":"2017-06-16T15:44:19","slug":"balcon-de-haria-64","status":"publish","type":"post","link":"https:\/\/www.ayuntamientodeharia.com\/haria\/balcon-de-haria-64\/","title":{"rendered":"Balc\u00f3n de Har\u00eda"},"content":{"rendered":"<p><strong><a href=\"http:\/\/www.ayuntamientodeharia.com\/haria\/wp-content\/uploads\/2016\/01\/gregorio.jpg\"><img decoding=\"async\" class=\"alignleft size-thumbnail wp-image-3454\" src=\"http:\/\/www.ayuntamientodeharia.com\/haria\/wp-content\/uploads\/2016\/01\/gregorio-150x150.jpg\" alt=\"gregorio\" width=\"150\" height=\"150\" \/><\/a>Por Gregorio Barreto Vi\u00f1oly.\u00a0<\/strong><strong>Cronista oficial del municipio de Har\u00eda<\/strong><\/p>\n<p>&nbsp;<\/p>\n<p><strong>Las Fiestas de San Juan, con su pregonero hariano Don Tom\u00e1s Armas Sicilia<\/strong><\/p>\n<p><!--more--><\/p>\n<p>&nbsp;<\/p>\n<p>Las Fiestas de San Juan de este a\u00f1o, que comenzaron el d\u00eda 9 de los corrientes, toman un gran impulso con la lectura del Preg\u00f3n, algo que se hace muy peculiar en Har\u00eda y que da vigor, un a\u00f1o m\u00e1s, anunciando e invitando de forma oficial a la participaci\u00f3n en los actos, el d\u00eda 10, en la voz del hariano Don Tom\u00e1s Armas Sicilia, hombre muy ligado a los ambientes culturales y festivos, entroncados en la investigaci\u00f3n de nuestros ancestros, el teatro, el folclore, y todo lo relacionado con la idiosincrasia de nuestro ambiente y entorno m\u00e1s cercano, el cual tambi\u00e9n se ha comprometido en labores de presentaci\u00f3n de actos.<\/p>\n<p>&nbsp;<\/p>\n<p>Don Tom\u00e1s Armas Sicilia es un hariano que no solo se ha sumergido en la cultura del municipio de Har\u00eda, sino que adem\u00e1s se ha ubicado profesionalmente, y desde hace ya muchos a\u00f1os, en el municipio de T\u00edas, donde ha colaborado con el Ayuntamiento, llevando parcelas de responsabilidad, y que adem\u00e1s se ha internado en el teatro de una forma directa, y as\u00ed, aparte de haber formado parte del Teatro Guatifay en Har\u00eda en los a\u00f1os de 1970, tambi\u00e9n ha sido componente de los grupos folcl\u00f3ricos Be\u00f1esm\u00e9n y El Pav\u00f3n de T\u00edas, con el entusiasmo que le es peculiar y le caracteriza cuando se introduce o compromete en algo.<\/p>\n<p>&nbsp;<\/p>\n<p>Este pregonero, Don Tom\u00e1s Armas Sicilia, naci\u00f3 en Har\u00eda el d\u00eda 2 de mayo de 1954, siendo hijo de Don Tom\u00e1s Armas Mesa, tambi\u00e9n conocido por Don Antonio, que emigr\u00f3 a Venezuela en los a\u00f1os de 1950, donde estuvo varios a\u00f1os, y de Do\u00f1a Mar\u00eda Sicilia Saavedra, que contrajeron matrimonio en Har\u00eda, en el a\u00f1o de 1941, y que tuvieron varios hijos m\u00e1s.<\/p>\n<p>Es un gran honor para una persona, el ser pregonero de las Fiestas de su pueblo, y en este caso se est\u00e1n cumpliendo estos parabienes, por lo que ello enorgullece.<\/p>\n<p>&nbsp;<\/p>\n<p>El acto comenz\u00f3 a las 9 de la noche con una extraordinaria presentaci\u00f3n y animaci\u00f3n, de la voz de tres estupendos tenores, que nos ofrecieron todo su arte y su belleza musical. Intervino el alcalde Don Marciano Acu\u00f1a Betancor para presentar al pregonero, haciendo alarde de sus virtudes y de su saber, que se fueron fraguando en su lectura.<\/p>\n<p>&nbsp;<\/p>\n<p>Puede decirse que en el transcurso de la lectura del preg\u00f3n, con presentaci\u00f3n de unas bonitas fotograf\u00edas aparte, seguidas de la debida explicaci\u00f3n, toc\u00f3 todos los temas de la Historia y cultura del municipio de Har\u00eda, no dejando nada olvidado, y se not\u00f3 que tiene un conocimiento completo de la generalidad de las vertientes que se han presentado en todos los ambientes culturales, deportivos, y meti\u00e9ndose de lleno en las actividades de los profesionales de la \u00e9poca, haciendo un gran hincapi\u00e9 en la educaci\u00f3n y los educadores, resaltando la labor de algunos de los maestros y profesores, la del cura Don Enrique Dorta Alfonso con la creaci\u00f3n de su Academia, como germen para el comienzo del Colegio Libre Adoptado, y luego del Instituto, haciendo una especial menci\u00f3n de las molinas que hubo en Har\u00eda, pero haciendo una especial explicaci\u00f3n de la labor y existencia de las muchas tiendas antiguas, pero bien documentado, con unas preciosas fotos de los aparatos de medir y de pesar, con un conocimiento expreso de los temas, y se adentr\u00f3 en los cortadores de palmas y en los risqueros que ayudaban a buscar las personas ca\u00eddas en los riscos, refiri\u00e9ndose especialmente al antiguo Bar Tres Hermanos, al Canuto, y a tantas y tantas actividades que ya ni existen, pero que a\u00fan merodean en las mentes de los m\u00e1s mayores del pueblo.<\/p>\n<p>&nbsp;<\/p>\n<p>Hizo insistencia en el buen marco del Teatro Guatifay en los a\u00f1os de 1970, y que Do\u00f1a Encarnaci\u00f3n Rodr\u00edguez se merece un monumento por su quehacer teatral. Se refiri\u00f3 a las fondas de Don Aurelio Romero, Don Ladislao Rodr\u00edguez y Don Manuel Feo e hizo un especial y emotivo recuerdo a un chico de pocos a\u00f1os que, jugando, tuvo la desgracia de caer en un pozo destapado, perdiendo la vida. Pero tampoco se olvid\u00f3 de mencionar el hecho de haber cargado \u00e9l mismo, la \u2018piedra cerda\u2019, un d\u00eda 28 de diciembre, D\u00eda de los Inocentes, por un abuso de confianza de amigos.<\/p>\n","protected":false},"excerpt":{"rendered":"<p>Por Gregorio Barreto Vi\u00f1oly.\u00a0Cronista oficial del municipio de Har\u00eda &nbsp; Las Fiestas de San Juan, con su pregonero hariano Don Tom\u00e1s Armas Sicilia<\/p>\n","protected":false},"author":7,"featured_media":0,"comment_status":"closed","ping_status":"closed","sticky":false,"template":"","format":"standard","meta":{"footnotes":""},"categories":[94,11],"tags":[],"class_list":["post-9704","post","type-post","status-publish","format-standard","hentry","category-balcon-de-haria","category-hoja-de-haria"],"_links":{"self":[{"href":"https:\/\/www.ayuntamientodeharia.com\/haria\/wp-json\/wp\/v2\/posts\/9704","targetHints":{"allow":["GET"]}}],"collection":[{"href":"https:\/\/www.ayuntamientodeharia.com\/haria\/wp-json\/wp\/v2\/posts"}],"about":[{"href":"https:\/\/www.ayuntamientodeharia.com\/haria\/wp-json\/wp\/v2\/types\/post"}],"author":[{"embeddable":true,"href":"https:\/\/www.ayuntamientodeharia.com\/haria\/wp-json\/wp\/v2\/users\/7"}],"replies":[{"embeddable":true,"href":"https:\/\/www.ayuntamientodeharia.com\/haria\/wp-json\/wp\/v2\/comments?post=9704"}],"version-history":[{"count":1,"href":"https:\/\/www.ayuntamientodeharia.com\/haria\/wp-json\/wp\/v2\/posts\/9704\/revisions"}],"predecessor-version":[{"id":9705,"href":"https:\/\/www.ayuntamientodeharia.com\/haria\/wp-json\/wp\/v2\/posts\/9704\/revisions\/9705"}],"wp:attachment":[{"href":"https:\/\/www.ayuntamientodeharia.com\/haria\/wp-json\/wp\/v2\/media?parent=9704"}],"wp:term":[{"taxonomy":"category","embeddable":true,"href":"https:\/\/www.ayuntamientodeharia.com\/haria\/wp-json\/wp\/v2\/categories?post=9704"},{"taxonomy":"post_tag","embeddable":true,"href":"https:\/\/www.ayuntamientodeharia.com\/haria\/wp-json\/wp\/v2\/tags?post=9704"}],"curies":[{"name":"wp","href":"https:\/\/api.w.org\/{rel}","templated":true}]}}