{"id":9695,"date":"2017-06-16T12:31:57","date_gmt":"2017-06-16T12:31:57","guid":{"rendered":"http:\/\/www.ayuntamientodeharia.com\/haria\/?p=9695"},"modified":"2017-06-16T12:31:57","modified_gmt":"2017-06-16T12:31:57","slug":"el-ayuntamiento-recuerda-a-las-victimas-del-11-m-en-el-decimo-aniversario-del-atentado-terrorista","status":"publish","type":"post","link":"https:\/\/www.ayuntamientodeharia.com\/haria\/el-ayuntamiento-recuerda-a-las-victimas-del-11-m-en-el-decimo-aniversario-del-atentado-terrorista\/","title":{"rendered":"El Ayuntamiento recuerda a las v\u00edctimas del 11-M en el d\u00e9cimo aniversario del atentado terrorista"},"content":{"rendered":"<p>El Ayuntamiento de Har\u00eda ha querido rendir un a\u00f1o m\u00e1s homenaje a las 191 v\u00edctimas, a los miles de heridos y a los familiares que sufrieron el atentado terrorista que tuvo lugar el 11 de marzo de 2004 en Madrid.<\/p>\n<p>&nbsp;<\/p>\n<p>Mediante una ofrenda floral ante el monolito levantado en la entrada del Cementerio Municipal, representantes del Consistorio norte\u00f1o recordaron a las v\u00edctimas del 11-M en el d\u00e9cimo aniversario de este triste acto terrorista que sigue conmoviendo los corazones de todos los espa\u00f1oles.<\/p>\n<p>&nbsp;<\/p>\n<p>Como viene sucediendo los \u00faltimos a\u00f1os, el sencillo acto se llev\u00f3 a cabo a las 12:00 horas, junto a la placa conmemorativa en recuerdo a las personas que perdieron la vida en Madrid y en repulsa a la barbarie cometida.<\/p>\n<p><a href=\"http:\/\/www.ayuntamientodeharia.com\/haria\/wp-content\/uploads\/2017\/06\/0689-recuerda-victimas.jpg\"><img fetchpriority=\"high\" decoding=\"async\" class=\"alignnone size-medium wp-image-9696\" src=\"http:\/\/www.ayuntamientodeharia.com\/haria\/wp-content\/uploads\/2017\/06\/0689-recuerda-victimas-209x300.jpg\" alt=\"0689 recuerda victimas\" width=\"209\" height=\"300\" srcset=\"https:\/\/www.ayuntamientodeharia.com\/haria\/wp-content\/uploads\/2017\/06\/0689-recuerda-victimas-209x300.jpg 209w, https:\/\/www.ayuntamientodeharia.com\/haria\/wp-content\/uploads\/2017\/06\/0689-recuerda-victimas-768x1103.jpg 768w, https:\/\/www.ayuntamientodeharia.com\/haria\/wp-content\/uploads\/2017\/06\/0689-recuerda-victimas-713x1024.jpg 713w, https:\/\/www.ayuntamientodeharia.com\/haria\/wp-content\/uploads\/2017\/06\/0689-recuerda-victimas-78x112.jpg 78w, https:\/\/www.ayuntamientodeharia.com\/haria\/wp-content\/uploads\/2017\/06\/0689-recuerda-victimas.jpg 963w\" sizes=\"(max-width: 209px) 100vw, 209px\" \/><\/a><\/p>\n","protected":false},"excerpt":{"rendered":"<p>El Ayuntamiento de Har\u00eda ha querido rendir un a\u00f1o m\u00e1s homenaje a las 191 v\u00edctimas, a los miles de heridos y a los familiares que sufrieron el atentado terrorista que tuvo lugar el 11 de marzo de 2004 en Madrid. &nbsp; Mediante una ofrenda floral ante el monolito levantado en la entrada del Cementerio Municipal, [&hellip;]<\/p>\n","protected":false},"author":8,"featured_media":0,"comment_status":"closed","ping_status":"closed","sticky":false,"template":"","format":"standard","meta":{"footnotes":""},"categories":[11],"tags":[],"class_list":["post-9695","post","type-post","status-publish","format-standard","hentry","category-hoja-de-haria"],"_links":{"self":[{"href":"https:\/\/www.ayuntamientodeharia.com\/haria\/wp-json\/wp\/v2\/posts\/9695","targetHints":{"allow":["GET"]}}],"collection":[{"href":"https:\/\/www.ayuntamientodeharia.com\/haria\/wp-json\/wp\/v2\/posts"}],"about":[{"href":"https:\/\/www.ayuntamientodeharia.com\/haria\/wp-json\/wp\/v2\/types\/post"}],"author":[{"embeddable":true,"href":"https:\/\/www.ayuntamientodeharia.com\/haria\/wp-json\/wp\/v2\/users\/8"}],"replies":[{"embeddable":true,"href":"https:\/\/www.ayuntamientodeharia.com\/haria\/wp-json\/wp\/v2\/comments?post=9695"}],"version-history":[{"count":1,"href":"https:\/\/www.ayuntamientodeharia.com\/haria\/wp-json\/wp\/v2\/posts\/9695\/revisions"}],"predecessor-version":[{"id":9697,"href":"https:\/\/www.ayuntamientodeharia.com\/haria\/wp-json\/wp\/v2\/posts\/9695\/revisions\/9697"}],"wp:attachment":[{"href":"https:\/\/www.ayuntamientodeharia.com\/haria\/wp-json\/wp\/v2\/media?parent=9695"}],"wp:term":[{"taxonomy":"category","embeddable":true,"href":"https:\/\/www.ayuntamientodeharia.com\/haria\/wp-json\/wp\/v2\/categories?post=9695"},{"taxonomy":"post_tag","embeddable":true,"href":"https:\/\/www.ayuntamientodeharia.com\/haria\/wp-json\/wp\/v2\/tags?post=9695"}],"curies":[{"name":"wp","href":"https:\/\/api.w.org\/{rel}","templated":true}]}}