{"id":9693,"date":"2017-06-16T12:28:58","date_gmt":"2017-06-16T12:28:58","guid":{"rendered":"http:\/\/www.ayuntamientodeharia.com\/haria\/?p=9693"},"modified":"2017-06-16T12:28:58","modified_gmt":"2017-06-16T12:28:58","slug":"fiesta-de-carnaval-para-los-mayores-del-municipio-2","status":"publish","type":"post","link":"https:\/\/www.ayuntamientodeharia.com\/haria\/fiesta-de-carnaval-para-los-mayores-del-municipio-2\/","title":{"rendered":"Fiesta de carnaval para los mayores del municipio"},"content":{"rendered":"<p>Los mayores del municipio disfrutar\u00e1n de su tradicional Fiesta de Carnaval el jueves, 20 de marzo, a partir de las 17:30 horas, en el Centro Sociocultural La Tegala de Har\u00eda.<\/p>\n<p>&nbsp;<\/p>\n<p>Las personas que quieran asistir a la fiesta y carezcan de medios para trasladarse al pueblo de Har\u00eda deber\u00e1n comunicarlo al Centro de la Tercera edad antes del mi\u00e9rcoles, 19 de marzo, para poder as\u00ed facilitarles el transporte. Aquellos que no realicen la inscripci\u00f3n no podr\u00e1n hacer uso del mismo.<\/p>\n<p>&nbsp;<\/p>\n<p>Durante la Fiesta de Carnaval, los mayores disfrutar\u00e1n de una deliciosa merienda y del tradicional baile. Antes de finalizar la fiesta se entregar\u00e1n los premios a los disfraces m\u00e1s originales.<\/p>\n","protected":false},"excerpt":{"rendered":"<p>Los mayores del municipio disfrutar\u00e1n de su tradicional Fiesta de Carnaval el jueves, 20 de marzo, a partir de las 17:30 horas, en el Centro Sociocultural La Tegala de Har\u00eda. &nbsp; Las personas que quieran asistir a la fiesta y carezcan de medios para trasladarse al pueblo de Har\u00eda deber\u00e1n comunicarlo al Centro de la [&hellip;]<\/p>\n","protected":false},"author":8,"featured_media":0,"comment_status":"closed","ping_status":"closed","sticky":false,"template":"","format":"standard","meta":{"footnotes":""},"categories":[15,11,61],"tags":[],"class_list":["post-9693","post","type-post","status-publish","format-standard","hentry","category-festejos","category-hoja-de-haria","category-tercera-edad"],"_links":{"self":[{"href":"https:\/\/www.ayuntamientodeharia.com\/haria\/wp-json\/wp\/v2\/posts\/9693","targetHints":{"allow":["GET"]}}],"collection":[{"href":"https:\/\/www.ayuntamientodeharia.com\/haria\/wp-json\/wp\/v2\/posts"}],"about":[{"href":"https:\/\/www.ayuntamientodeharia.com\/haria\/wp-json\/wp\/v2\/types\/post"}],"author":[{"embeddable":true,"href":"https:\/\/www.ayuntamientodeharia.com\/haria\/wp-json\/wp\/v2\/users\/8"}],"replies":[{"embeddable":true,"href":"https:\/\/www.ayuntamientodeharia.com\/haria\/wp-json\/wp\/v2\/comments?post=9693"}],"version-history":[{"count":1,"href":"https:\/\/www.ayuntamientodeharia.com\/haria\/wp-json\/wp\/v2\/posts\/9693\/revisions"}],"predecessor-version":[{"id":9694,"href":"https:\/\/www.ayuntamientodeharia.com\/haria\/wp-json\/wp\/v2\/posts\/9693\/revisions\/9694"}],"wp:attachment":[{"href":"https:\/\/www.ayuntamientodeharia.com\/haria\/wp-json\/wp\/v2\/media?parent=9693"}],"wp:term":[{"taxonomy":"category","embeddable":true,"href":"https:\/\/www.ayuntamientodeharia.com\/haria\/wp-json\/wp\/v2\/categories?post=9693"},{"taxonomy":"post_tag","embeddable":true,"href":"https:\/\/www.ayuntamientodeharia.com\/haria\/wp-json\/wp\/v2\/tags?post=9693"}],"curies":[{"name":"wp","href":"https:\/\/api.w.org\/{rel}","templated":true}]}}