{"id":9683,"date":"2017-06-16T12:11:15","date_gmt":"2017-06-16T12:11:15","guid":{"rendered":"http:\/\/www.ayuntamientodeharia.com\/haria\/?p=9683"},"modified":"2017-06-16T12:11:15","modified_gmt":"2017-06-16T12:11:15","slug":"campana-de-identificacion-y-vacunacion-de-perros-ano-2014","status":"publish","type":"post","link":"https:\/\/www.ayuntamientodeharia.com\/haria\/campana-de-identificacion-y-vacunacion-de-perros-ano-2014\/","title":{"rendered":"Campa\u00f1a de identificaci\u00f3n y vacunaci\u00f3n de perros-a\u00f1o 2014"},"content":{"rendered":"<p>En cumplimiento a lo establecido en la Ley y la Ordenanza Municipal Reguladora de la Tenencia, Guarda y Protecci\u00f3n de Animales, se comunica a los vecinos de la obligatoriedad de la identificaci\u00f3n y vacunaci\u00f3n antirr\u00e1bica de todos los perros, a partir de los tres meses de edad.<\/p>\n<p>&nbsp;<\/p>\n<p>Para efectuar la vacunaci\u00f3n habr\u00e1 que presentar el documento acreditativo de estar identificado (mediante microchip o tatuaje), o proceder a la implantaci\u00f3n del microchip obligatoriamente, como asimismo para su actualizaci\u00f3n o baja.<\/p>\n<p>&nbsp;<\/p>\n<p>Para facilitar dichos tr\u00e1mites a la poblaci\u00f3n, se comunican los d\u00edas y horas que la veterinaria encargada por este Ayuntamiento para el programa de vacunaci\u00f3n antirr\u00e1bica 2014 se trasladar\u00e1 a los lugares que a continuaci\u00f3n se mencionan:<\/p>\n<p>&nbsp;<\/p>\n<table>\n<tbody>\n<tr>\n<th>Pueblos<\/th>\n<th>D\u00edas<\/th>\n<th>Lugares<\/th>\n<th>Horas<\/th>\n<\/tr>\n<tr>\n<th>Tabayesco<\/th>\n<td>S\u00e1bado, 29 de marzo<\/td>\n<td>C. Sociocultural<\/td>\n<td>De 13:00 a 14:00h.<\/td>\n<\/tr>\n<tr>\n<th>Mala<\/th>\n<td>Domingo, 30 de marzo<\/td>\n<td>Sociedad Renacimiento<\/td>\n<td>De 10:00 a 12:00h.<\/td>\n<\/tr>\n<tr>\n<th>M\u00e1guez<\/th>\n<td>S\u00e1bado, 5 de abril<\/td>\n<td>Centro Democr\u00e1tico<\/td>\n<td>De 13:00 a 14:00h.<\/td>\n<\/tr>\n<tr>\n<th>Arrieta<\/th>\n<td>Domingo, 6 de abril<\/td>\n<td>CSC La Garita<\/td>\n<td>De 10:00 a 11:00h.<\/td>\n<\/tr>\n<tr>\n<th>Punta Mujeres<\/th>\n<td>Domingo, 6 de abril<\/td>\n<td>CSC El Marinero<\/td>\n<td>De 11:30 a 13:00h.<\/td>\n<\/tr>\n<tr>\n<th>\u00d3rzola<\/th>\n<td>S\u00e1bado, 12 de abril<\/td>\n<td>CSC El Calet\u00f3n<\/td>\n<td>De 13:00 a 14:00h.<\/td>\n<\/tr>\n<tr>\n<th>Guinate<\/th>\n<td>Domingo, 13 de abril<\/td>\n<td>C. Sociocultural<\/td>\n<td>De 10:00 a 11:00h.<\/td>\n<\/tr>\n<tr>\n<th>Ye<\/th>\n<td>Domingo, 13 de abril<\/td>\n<td>CSC El Tef\u00edo<\/td>\n<td>De 11:30 a 12:30h.<\/td>\n<\/tr>\n<\/tbody>\n<\/table>\n<p>En cuanto a Har\u00eda (casco), el per\u00edodo de la campa\u00f1a ser\u00e1 durante todo el tiempo que dure la misma, en horario de 10:00 a 15:00 horas y de 17:00 a 19:00 horas, los lunes, mi\u00e9rcoles y viernes; de 10:00 a 15:00 horas, los martes y jueves; y los s\u00e1bados, de 10:00 a 12:00 horas, en la consulta veterinaria de la calle San Juan 4, de Har\u00eda. Pueden contactar en el tel\u00e9fono 928 835 672.<\/p>\n<p>&nbsp;<\/p>\n","protected":false},"excerpt":{"rendered":"<p>En cumplimiento a lo establecido en la Ley y la Ordenanza Municipal Reguladora de la Tenencia, Guarda y Protecci\u00f3n de Animales, se comunica a los vecinos de la obligatoriedad de la identificaci\u00f3n y vacunaci\u00f3n antirr\u00e1bica de todos los perros, a partir de los tres meses de edad. &nbsp; Para efectuar la vacunaci\u00f3n habr\u00e1 que presentar [&hellip;]<\/p>\n","protected":false},"author":8,"featured_media":0,"comment_status":"closed","ping_status":"closed","sticky":false,"template":"","format":"standard","meta":{"footnotes":""},"categories":[11,89,99],"tags":[],"class_list":["post-9683","post","type-post","status-publish","format-standard","hentry","category-hoja-de-haria","category-policia-local","category-tenencia-de-animales"],"_links":{"self":[{"href":"https:\/\/www.ayuntamientodeharia.com\/haria\/wp-json\/wp\/v2\/posts\/9683","targetHints":{"allow":["GET"]}}],"collection":[{"href":"https:\/\/www.ayuntamientodeharia.com\/haria\/wp-json\/wp\/v2\/posts"}],"about":[{"href":"https:\/\/www.ayuntamientodeharia.com\/haria\/wp-json\/wp\/v2\/types\/post"}],"author":[{"embeddable":true,"href":"https:\/\/www.ayuntamientodeharia.com\/haria\/wp-json\/wp\/v2\/users\/8"}],"replies":[{"embeddable":true,"href":"https:\/\/www.ayuntamientodeharia.com\/haria\/wp-json\/wp\/v2\/comments?post=9683"}],"version-history":[{"count":2,"href":"https:\/\/www.ayuntamientodeharia.com\/haria\/wp-json\/wp\/v2\/posts\/9683\/revisions"}],"predecessor-version":[{"id":9685,"href":"https:\/\/www.ayuntamientodeharia.com\/haria\/wp-json\/wp\/v2\/posts\/9683\/revisions\/9685"}],"wp:attachment":[{"href":"https:\/\/www.ayuntamientodeharia.com\/haria\/wp-json\/wp\/v2\/media?parent=9683"}],"wp:term":[{"taxonomy":"category","embeddable":true,"href":"https:\/\/www.ayuntamientodeharia.com\/haria\/wp-json\/wp\/v2\/categories?post=9683"},{"taxonomy":"post_tag","embeddable":true,"href":"https:\/\/www.ayuntamientodeharia.com\/haria\/wp-json\/wp\/v2\/tags?post=9683"}],"curies":[{"name":"wp","href":"https:\/\/api.w.org\/{rel}","templated":true}]}}