{"id":9681,"date":"2017-06-16T11:55:03","date_gmt":"2017-06-16T11:55:03","guid":{"rendered":"http:\/\/www.ayuntamientodeharia.com\/haria\/?p=9681"},"modified":"2017-06-16T11:55:03","modified_gmt":"2017-06-16T11:55:03","slug":"cortes-de-suministro-electrico-en-punta-mujeres-y-ye","status":"publish","type":"post","link":"https:\/\/www.ayuntamientodeharia.com\/haria\/cortes-de-suministro-electrico-en-punta-mujeres-y-ye\/","title":{"rendered":"Cortes de suministro el\u00e9ctrico en Punta Mujeres y Ye"},"content":{"rendered":"<p>La compa\u00f1\u00eda el\u00e9ctrica Endesa comunica a los vecinos del municipio que se re realizar\u00e1n cortes temporales el lunes, 17 de marzo, de 10:00 a 12:00 horas, en los puntos de suministro situados en la calle Pe\u00f1a Redonda, n\u00famero 9, y Virgen del Pino, n\u00famero 90, de Punta Mujeres. Igualmente, el martes 18, de 10:00 a 12:00 horas, se producir\u00e1 una interrupci\u00f3n en el punto de suministro de la calle San Francisco Javier, n\u00fa- meros 2 y 12, de Ye.<\/p>\n<p>&nbsp;<\/p>\n","protected":false},"excerpt":{"rendered":"<p>La compa\u00f1\u00eda el\u00e9ctrica Endesa comunica a los vecinos del municipio que se re realizar\u00e1n cortes temporales el lunes, 17 de marzo, de 10:00 a 12:00 horas, en los puntos de suministro situados en la calle Pe\u00f1a Redonda, n\u00famero 9, y Virgen del Pino, n\u00famero 90, de Punta Mujeres. Igualmente, el martes 18, de 10:00 a [&hellip;]<\/p>\n","protected":false},"author":8,"featured_media":0,"comment_status":"closed","ping_status":"closed","sticky":false,"template":"","format":"standard","meta":{"footnotes":""},"categories":[11],"tags":[],"class_list":["post-9681","post","type-post","status-publish","format-standard","hentry","category-hoja-de-haria"],"_links":{"self":[{"href":"https:\/\/www.ayuntamientodeharia.com\/haria\/wp-json\/wp\/v2\/posts\/9681","targetHints":{"allow":["GET"]}}],"collection":[{"href":"https:\/\/www.ayuntamientodeharia.com\/haria\/wp-json\/wp\/v2\/posts"}],"about":[{"href":"https:\/\/www.ayuntamientodeharia.com\/haria\/wp-json\/wp\/v2\/types\/post"}],"author":[{"embeddable":true,"href":"https:\/\/www.ayuntamientodeharia.com\/haria\/wp-json\/wp\/v2\/users\/8"}],"replies":[{"embeddable":true,"href":"https:\/\/www.ayuntamientodeharia.com\/haria\/wp-json\/wp\/v2\/comments?post=9681"}],"version-history":[{"count":1,"href":"https:\/\/www.ayuntamientodeharia.com\/haria\/wp-json\/wp\/v2\/posts\/9681\/revisions"}],"predecessor-version":[{"id":9682,"href":"https:\/\/www.ayuntamientodeharia.com\/haria\/wp-json\/wp\/v2\/posts\/9681\/revisions\/9682"}],"wp:attachment":[{"href":"https:\/\/www.ayuntamientodeharia.com\/haria\/wp-json\/wp\/v2\/media?parent=9681"}],"wp:term":[{"taxonomy":"category","embeddable":true,"href":"https:\/\/www.ayuntamientodeharia.com\/haria\/wp-json\/wp\/v2\/categories?post=9681"},{"taxonomy":"post_tag","embeddable":true,"href":"https:\/\/www.ayuntamientodeharia.com\/haria\/wp-json\/wp\/v2\/tags?post=9681"}],"curies":[{"name":"wp","href":"https:\/\/api.w.org\/{rel}","templated":true}]}}