{"id":9679,"date":"2017-06-16T11:53:33","date_gmt":"2017-06-16T11:53:33","guid":{"rendered":"http:\/\/www.ayuntamientodeharia.com\/haria\/?p=9679"},"modified":"2017-06-16T11:53:33","modified_gmt":"2017-06-16T11:53:33","slug":"el-ayuntamiento-realizara-mejoras-en-la-calle-los-morros-de-arrieta-2","status":"publish","type":"post","link":"https:\/\/www.ayuntamientodeharia.com\/haria\/el-ayuntamiento-realizara-mejoras-en-la-calle-los-morros-de-arrieta-2\/","title":{"rendered":"El Ayuntamiento realizar\u00e1 mejoras en la calle Los Morros de Arrieta"},"content":{"rendered":"<p>La Concejal\u00eda de Seguridad y Parque M\u00f3vil informa a los vecinos de Arrieta que la calle Los Morros estar\u00e1 cerrada al tr\u00e1fico rodado del 24 al 28 de marzo, por las labores de acondicionamiento en la misma.<\/p>\n<p>&nbsp;<\/p>\n","protected":false},"excerpt":{"rendered":"<p>La Concejal\u00eda de Seguridad y Parque M\u00f3vil informa a los vecinos de Arrieta que la calle Los Morros estar\u00e1 cerrada al tr\u00e1fico rodado del 24 al 28 de marzo, por las labores de acondicionamiento en la misma. &nbsp;<\/p>\n","protected":false},"author":8,"featured_media":0,"comment_status":"closed","ping_status":"closed","sticky":false,"template":"","format":"standard","meta":{"footnotes":""},"categories":[11,84],"tags":[],"class_list":["post-9679","post","type-post","status-publish","format-standard","hentry","category-hoja-de-haria","category-seguridad-y-emergencias"],"_links":{"self":[{"href":"https:\/\/www.ayuntamientodeharia.com\/haria\/wp-json\/wp\/v2\/posts\/9679","targetHints":{"allow":["GET"]}}],"collection":[{"href":"https:\/\/www.ayuntamientodeharia.com\/haria\/wp-json\/wp\/v2\/posts"}],"about":[{"href":"https:\/\/www.ayuntamientodeharia.com\/haria\/wp-json\/wp\/v2\/types\/post"}],"author":[{"embeddable":true,"href":"https:\/\/www.ayuntamientodeharia.com\/haria\/wp-json\/wp\/v2\/users\/8"}],"replies":[{"embeddable":true,"href":"https:\/\/www.ayuntamientodeharia.com\/haria\/wp-json\/wp\/v2\/comments?post=9679"}],"version-history":[{"count":1,"href":"https:\/\/www.ayuntamientodeharia.com\/haria\/wp-json\/wp\/v2\/posts\/9679\/revisions"}],"predecessor-version":[{"id":9680,"href":"https:\/\/www.ayuntamientodeharia.com\/haria\/wp-json\/wp\/v2\/posts\/9679\/revisions\/9680"}],"wp:attachment":[{"href":"https:\/\/www.ayuntamientodeharia.com\/haria\/wp-json\/wp\/v2\/media?parent=9679"}],"wp:term":[{"taxonomy":"category","embeddable":true,"href":"https:\/\/www.ayuntamientodeharia.com\/haria\/wp-json\/wp\/v2\/categories?post=9679"},{"taxonomy":"post_tag","embeddable":true,"href":"https:\/\/www.ayuntamientodeharia.com\/haria\/wp-json\/wp\/v2\/tags?post=9679"}],"curies":[{"name":"wp","href":"https:\/\/api.w.org\/{rel}","templated":true}]}}