{"id":9676,"date":"2017-06-16T11:51:12","date_gmt":"2017-06-16T11:51:12","guid":{"rendered":"http:\/\/www.ayuntamientodeharia.com\/haria\/?p=9676"},"modified":"2017-06-16T11:51:12","modified_gmt":"2017-06-16T11:51:12","slug":"el-mirador-de-guatifay-39","status":"publish","type":"post","link":"https:\/\/www.ayuntamientodeharia.com\/haria\/el-mirador-de-guatifay-39\/","title":{"rendered":"El Mirador de Guatifay"},"content":{"rendered":"<p><a style=\"font-weight: inherit; font-style: inherit; color: #1b8be0;\" href=\"http:\/\/www.ayuntamientodeharia.com\/haria\/wp-content\/uploads\/2016\/01\/gregorio.jpg\"><img decoding=\"async\" class=\"alignleft wp-image-3454\" style=\"font-weight: inherit; font-style: inherit; color: inherit;\" src=\"http:\/\/www.ayuntamientodeharia.com\/haria\/wp-content\/uploads\/2016\/01\/gregorio-246x300.jpg\" alt=\"gregorio\" width=\"114\" height=\"138\" srcset=\"https:\/\/www.ayuntamientodeharia.com\/haria\/wp-content\/uploads\/2016\/01\/gregorio-246x300.jpg 246w, https:\/\/www.ayuntamientodeharia.com\/haria\/wp-content\/uploads\/2016\/01\/gregorio.jpg 249w\" sizes=\"(max-width: 114px) 100vw, 114px\" \/><\/a><\/p>\n<p><strong style=\"font-weight: bold; font-style: inherit; color: inherit;\">Por Gregorio Barreto Vi\u00f1oly<\/strong><\/p>\n<p>&nbsp;<\/p>\n<p>&nbsp;<\/p>\n<h6 style=\"font-weight: inherit;\"><strong>\u00a0Referencias de la familia Placeres en el municipio de Har\u00eda<\/strong><\/h6>\n<p>Es bueno hacer alguna referencia a familias que han sido b\u00e1sicas en el poblamiento del municipio o de un pueblo, y en esta ocasi\u00f3n me voy a referir a la familia Placeres, que proviene del vecino pueblo de Guatiza, cuyo hecho se produjo en raz\u00f3n a la ubicaci\u00f3n de Don Jos\u00e9 Placeres de Le\u00f3n, a partir de los a\u00f1os de 1874, en el pueblo de Mala, convirti\u00e9ndose en el gran patriarca de dicho pueblo, al unirse en matrimonio con Do\u00f1a Margarita Hern\u00e1ndez Guerra, nacida en 1834, de donde nacieron nada menos que once hijos, dando origen a la saga Placeres Hern\u00e1ndez, que luego se extender\u00eda con varias generaciones sucesivas y derivaciones hasta nuestros d\u00edas, con una gran multiplicidad, en especial en dicha zona.<\/p>\n<p>&nbsp;<\/p>\n<p>Don Jos\u00e9 Placeres de Le\u00f3n naci\u00f3 en Guatiza el 1 de enero de 1826, donde sigue habiendo Placeres, y falleci\u00f3 en Mala el 6 de enero de 1916, habi\u00e9ndose dedicado toda su vida a la agricultura, y siendo hijo de Jos\u00e9 Joaqu\u00edn y de Mar\u00eda.<\/p>\n<p>&nbsp;<\/p>\n<p>Los primeros descendientes de este matrimonio son sus hijos apellidados Placeres Hern\u00e1ndez, y se fueron asentando en Mala, en especial, siendo los siguientes:<\/p>\n<p>\u2022Dolores Placeres Hern\u00e1ndez, nacida en 1852, casando en 1875 con Justo Berriel Fern\u00e1ndez, dejando cinco hijos Berriel Placeres. Falleci\u00f3 el 25 de diciembre de 1936.<\/p>\n<p>\u2022Andr\u00e9s Placeres Hern\u00e1ndez, nacido el d\u00eda 30 de noviembre de 1856 y fallecido el 22 de marzo de 1939, habiendo casado en 1878 con Mar\u00eda Betancor Perdomo, dejando cuatro hijos.<\/p>\n<p>\u2022Ana Mar\u00eda Placeres Hern\u00e1ndez, nacida el d\u00eda 25 de julio de 1858 y fallecida el d\u00eda 31 de marzo de 1939, habiendo casado y dejando cinco hijos.<\/p>\n<p>\u2022Mar\u00eda Placeres Hern\u00e1ndez, nacida el 1 de enero de 1864 y fallecida el d\u00eda 16 de agosto de 1930, habiendo casado y dejando tres hijos.<\/p>\n<p>\u2022Vicenta Placeres Hern\u00e1ndez, nacida el 2 de junio de 1867, habiendo casado y teniendo cuatro hijos. Falleci\u00f3 el d\u00eda 4 de abril de 1951.<\/p>\n<p>\u2022Francisca Placeres Hern\u00e1ndez, nacida el d\u00eda 1 de enero de 1870, habiendo casado y dejado cinco hijos.<\/p>\n<p>\u2022Pedro Placeres Hern\u00e1ndez, nacido el 10 de mayo de 1872, casado con Antonia Robayna Alpu\u00edn en 1893, dejando cuatro hijos Placeres Robayna. Falleci\u00f3 el 2 de agosto de 1950.<\/p>\n<p>\u2022Jacinta Placeres Hern\u00e1ndez, nacida en 1873, casada en 1894 con Jos\u00e9 Clavijo Betancor, habiendo dejado varios hijos Clavijo Placeres.<\/p>\n<p>\u2022Jos\u00e9 Antonio Placeres Hern\u00e1ndez, nacido en 1874, casado en 1897 con Delfina Silva Ortiz, dejando ocho hijos Placeres Silva. Falleci\u00f3 el 8 de febrero de 1962.<\/p>\n<p>\u2022Mar\u00eda Mercedes Placeres Hern\u00e1ndez, nacida el 18 de abril de 1878 y fallecida el d\u00eda 18 de abril de 1879 (falleci\u00f3 peque- \u00f1a).<\/p>\n<p>\u2022Ambrosio Placeres Hern\u00e1ndez, nacido el d\u00eda 6 de abril de 1881, casando en 1905 con Dionisia-Librada Alpu\u00edn Clavijo, fallecido el d\u00eda 2 de mayo de 1958 y dejando 5 hijos apellidados Placeres Alpu\u00edn.<\/p>\n<p>&nbsp;<\/p>\n<p>Las familias se forman de personas y los pueblos se forman de familias, y vaya solo una muestra sintetizada de esta familia, basada en sus or\u00edgenes en el municipio.<\/p>\n<p>&nbsp;<\/p>\n","protected":false},"excerpt":{"rendered":"<p>Por Gregorio Barreto Vi\u00f1oly &nbsp; &nbsp; \u00a0Referencias de la familia Placeres en el municipio de Har\u00eda Es bueno hacer alguna referencia a familias que han sido b\u00e1sicas en el poblamiento del municipio o de un pueblo, y en esta ocasi\u00f3n me voy a referir a la familia Placeres, que proviene del vecino pueblo de Guatiza, [&hellip;]<\/p>\n","protected":false},"author":8,"featured_media":0,"comment_status":"closed","ping_status":"closed","sticky":false,"template":"","format":"standard","meta":{"footnotes":""},"categories":[118,11],"tags":[],"class_list":["post-9676","post","type-post","status-publish","format-standard","hentry","category-el-mirador-de-guatifay","category-hoja-de-haria"],"_links":{"self":[{"href":"https:\/\/www.ayuntamientodeharia.com\/haria\/wp-json\/wp\/v2\/posts\/9676","targetHints":{"allow":["GET"]}}],"collection":[{"href":"https:\/\/www.ayuntamientodeharia.com\/haria\/wp-json\/wp\/v2\/posts"}],"about":[{"href":"https:\/\/www.ayuntamientodeharia.com\/haria\/wp-json\/wp\/v2\/types\/post"}],"author":[{"embeddable":true,"href":"https:\/\/www.ayuntamientodeharia.com\/haria\/wp-json\/wp\/v2\/users\/8"}],"replies":[{"embeddable":true,"href":"https:\/\/www.ayuntamientodeharia.com\/haria\/wp-json\/wp\/v2\/comments?post=9676"}],"version-history":[{"count":2,"href":"https:\/\/www.ayuntamientodeharia.com\/haria\/wp-json\/wp\/v2\/posts\/9676\/revisions"}],"predecessor-version":[{"id":9678,"href":"https:\/\/www.ayuntamientodeharia.com\/haria\/wp-json\/wp\/v2\/posts\/9676\/revisions\/9678"}],"wp:attachment":[{"href":"https:\/\/www.ayuntamientodeharia.com\/haria\/wp-json\/wp\/v2\/media?parent=9676"}],"wp:term":[{"taxonomy":"category","embeddable":true,"href":"https:\/\/www.ayuntamientodeharia.com\/haria\/wp-json\/wp\/v2\/categories?post=9676"},{"taxonomy":"post_tag","embeddable":true,"href":"https:\/\/www.ayuntamientodeharia.com\/haria\/wp-json\/wp\/v2\/tags?post=9676"}],"curies":[{"name":"wp","href":"https:\/\/api.w.org\/{rel}","templated":true}]}}