{"id":9671,"date":"2017-06-16T11:43:33","date_gmt":"2017-06-16T11:43:33","guid":{"rendered":"http:\/\/www.ayuntamientodeharia.com\/haria\/?p=9671"},"modified":"2017-06-16T11:43:33","modified_gmt":"2017-06-16T11:43:33","slug":"el-carnaval-llega-por-fin-a-haria-este-fin-de-semana","status":"publish","type":"post","link":"https:\/\/www.ayuntamientodeharia.com\/haria\/el-carnaval-llega-por-fin-a-haria-este-fin-de-semana\/","title":{"rendered":"El Carnaval llega por fin a Har\u00eda este fin de semana"},"content":{"rendered":"<p>Tras un a\u00f1o de espera vuelven los Carnavales al municipio de Har\u00eda, una fiesta que inundar\u00e1 este fin de semana de color, alegr\u00eda y buen humor las calles del pueblo norte\u00f1o, que espera la llegada de miles de personas, no solo de la isla de Lanzarote, sino del resto del Archipi\u00e9lago.<\/p>\n<p>&nbsp;<\/p>\n<p>Y es que para el s\u00e1bado 22, con el Coso como plato fuerte de las fiestas, se espera un r\u00e9cord de participaci\u00f3n de carrozas, que ir\u00e1n acompa\u00f1adas de comparsas y batucadas que har\u00e1n las delicias de quienes acudan al desfile por las calles de Har\u00eda.<\/p>\n<p>&nbsp;<\/p>\n<p>Tras el Coso carnavalero ser\u00e1 el turno de la verbena popular, donde finalizar\u00e1n la jornada las miles de mascaritas que, sin lugar a dudas, llenar\u00e1n las calles de la localidad para participar en unos Carnavales marcados por el sabor m\u00e1s tradicional, y que se espera sean un nuevo \u00e9xito de participaci\u00f3n.<\/p>\n<p><a href=\"http:\/\/www.ayuntamientodeharia.com\/haria\/wp-content\/uploads\/2017\/06\/0690-carnaval-llega.jpg\"><img decoding=\"async\" class=\"alignnone size-medium wp-image-9674\" src=\"http:\/\/www.ayuntamientodeharia.com\/haria\/wp-content\/uploads\/2017\/06\/0690-carnaval-llega-300x138.jpg\" alt=\"0690 carnaval llega\" width=\"300\" height=\"138\" srcset=\"https:\/\/www.ayuntamientodeharia.com\/haria\/wp-content\/uploads\/2017\/06\/0690-carnaval-llega-300x138.jpg 300w, https:\/\/www.ayuntamientodeharia.com\/haria\/wp-content\/uploads\/2017\/06\/0690-carnaval-llega-768x353.jpg 768w, https:\/\/www.ayuntamientodeharia.com\/haria\/wp-content\/uploads\/2017\/06\/0690-carnaval-llega-1024x471.jpg 1024w, https:\/\/www.ayuntamientodeharia.com\/haria\/wp-content\/uploads\/2017\/06\/0690-carnaval-llega-244x112.jpg 244w, https:\/\/www.ayuntamientodeharia.com\/haria\/wp-content\/uploads\/2017\/06\/0690-carnaval-llega.jpg 1783w\" sizes=\"(max-width: 300px) 100vw, 300px\" \/><\/a><\/p>\n","protected":false},"excerpt":{"rendered":"<p>Tras un a\u00f1o de espera vuelven los Carnavales al municipio de Har\u00eda, una fiesta que inundar\u00e1 este fin de semana de color, alegr\u00eda y buen humor las calles del pueblo norte\u00f1o, que espera la llegada de miles de personas, no solo de la isla de Lanzarote, sino del resto del Archipi\u00e9lago. &nbsp; Y es que [&hellip;]<\/p>\n","protected":false},"author":8,"featured_media":0,"comment_status":"closed","ping_status":"closed","sticky":false,"template":"","format":"standard","meta":{"footnotes":""},"categories":[15,11],"tags":[],"class_list":["post-9671","post","type-post","status-publish","format-standard","hentry","category-festejos","category-hoja-de-haria"],"_links":{"self":[{"href":"https:\/\/www.ayuntamientodeharia.com\/haria\/wp-json\/wp\/v2\/posts\/9671","targetHints":{"allow":["GET"]}}],"collection":[{"href":"https:\/\/www.ayuntamientodeharia.com\/haria\/wp-json\/wp\/v2\/posts"}],"about":[{"href":"https:\/\/www.ayuntamientodeharia.com\/haria\/wp-json\/wp\/v2\/types\/post"}],"author":[{"embeddable":true,"href":"https:\/\/www.ayuntamientodeharia.com\/haria\/wp-json\/wp\/v2\/users\/8"}],"replies":[{"embeddable":true,"href":"https:\/\/www.ayuntamientodeharia.com\/haria\/wp-json\/wp\/v2\/comments?post=9671"}],"version-history":[{"count":1,"href":"https:\/\/www.ayuntamientodeharia.com\/haria\/wp-json\/wp\/v2\/posts\/9671\/revisions"}],"predecessor-version":[{"id":9675,"href":"https:\/\/www.ayuntamientodeharia.com\/haria\/wp-json\/wp\/v2\/posts\/9671\/revisions\/9675"}],"wp:attachment":[{"href":"https:\/\/www.ayuntamientodeharia.com\/haria\/wp-json\/wp\/v2\/media?parent=9671"}],"wp:term":[{"taxonomy":"category","embeddable":true,"href":"https:\/\/www.ayuntamientodeharia.com\/haria\/wp-json\/wp\/v2\/categories?post=9671"},{"taxonomy":"post_tag","embeddable":true,"href":"https:\/\/www.ayuntamientodeharia.com\/haria\/wp-json\/wp\/v2\/tags?post=9671"}],"curies":[{"name":"wp","href":"https:\/\/api.w.org\/{rel}","templated":true}]}}