{"id":9669,"date":"2017-06-16T11:40:57","date_gmt":"2017-06-16T11:40:57","guid":{"rendered":"http:\/\/www.ayuntamientodeharia.com\/haria\/?p=9669"},"modified":"2017-06-16T11:41:53","modified_gmt":"2017-06-16T11:41:53","slug":"taller-de-confeccion-de-caretas-y-maquillaje-de-carnaval","status":"publish","type":"post","link":"https:\/\/www.ayuntamientodeharia.com\/haria\/taller-de-confeccion-de-caretas-y-maquillaje-de-carnaval\/","title":{"rendered":"Taller de confecci\u00f3n de caretas y maquillaje de Carnaval"},"content":{"rendered":"<p>El s\u00e1bado, 22 de marzo, se llevar\u00e1 cabo un taller de confecci\u00f3n de caretas y maquillaje de carnaval, organizado por la Concejal\u00eda de Festejos, con motivo de las fiestas de Carnaval. El taller, dirigido a los m\u00e1s peque\u00f1os, se desarrollar\u00e1 de 12:00 a 14:00 horas, en la Plaza de Har\u00eda.<\/p>\n<p><a href=\"http:\/\/www.ayuntamientodeharia.com\/haria\/wp-content\/uploads\/2017\/06\/0690-taller-caretas.jpg\"><img fetchpriority=\"high\" decoding=\"async\" class=\"alignnone size-medium wp-image-9672\" src=\"http:\/\/www.ayuntamientodeharia.com\/haria\/wp-content\/uploads\/2017\/06\/0690-taller-caretas-300x190.jpg\" alt=\"0690 taller caretas\" width=\"300\" height=\"190\" srcset=\"https:\/\/www.ayuntamientodeharia.com\/haria\/wp-content\/uploads\/2017\/06\/0690-taller-caretas-300x190.jpg 300w, https:\/\/www.ayuntamientodeharia.com\/haria\/wp-content\/uploads\/2017\/06\/0690-taller-caretas-177x112.jpg 177w, https:\/\/www.ayuntamientodeharia.com\/haria\/wp-content\/uploads\/2017\/06\/0690-taller-caretas.jpg 411w\" sizes=\"(max-width: 300px) 100vw, 300px\" \/><\/a><\/p>\n","protected":false},"excerpt":{"rendered":"<p>El s\u00e1bado, 22 de marzo, se llevar\u00e1 cabo un taller de confecci\u00f3n de caretas y maquillaje de carnaval, organizado por la Concejal\u00eda de Festejos, con motivo de las fiestas de Carnaval. El taller, dirigido a los m\u00e1s peque\u00f1os, se desarrollar\u00e1 de 12:00 a 14:00 horas, en la Plaza de Har\u00eda.<\/p>\n","protected":false},"author":8,"featured_media":0,"comment_status":"closed","ping_status":"closed","sticky":false,"template":"","format":"standard","meta":{"footnotes":""},"categories":[15,11],"tags":[],"class_list":["post-9669","post","type-post","status-publish","format-standard","hentry","category-festejos","category-hoja-de-haria"],"_links":{"self":[{"href":"https:\/\/www.ayuntamientodeharia.com\/haria\/wp-json\/wp\/v2\/posts\/9669","targetHints":{"allow":["GET"]}}],"collection":[{"href":"https:\/\/www.ayuntamientodeharia.com\/haria\/wp-json\/wp\/v2\/posts"}],"about":[{"href":"https:\/\/www.ayuntamientodeharia.com\/haria\/wp-json\/wp\/v2\/types\/post"}],"author":[{"embeddable":true,"href":"https:\/\/www.ayuntamientodeharia.com\/haria\/wp-json\/wp\/v2\/users\/8"}],"replies":[{"embeddable":true,"href":"https:\/\/www.ayuntamientodeharia.com\/haria\/wp-json\/wp\/v2\/comments?post=9669"}],"version-history":[{"count":2,"href":"https:\/\/www.ayuntamientodeharia.com\/haria\/wp-json\/wp\/v2\/posts\/9669\/revisions"}],"predecessor-version":[{"id":9673,"href":"https:\/\/www.ayuntamientodeharia.com\/haria\/wp-json\/wp\/v2\/posts\/9669\/revisions\/9673"}],"wp:attachment":[{"href":"https:\/\/www.ayuntamientodeharia.com\/haria\/wp-json\/wp\/v2\/media?parent=9669"}],"wp:term":[{"taxonomy":"category","embeddable":true,"href":"https:\/\/www.ayuntamientodeharia.com\/haria\/wp-json\/wp\/v2\/categories?post=9669"},{"taxonomy":"post_tag","embeddable":true,"href":"https:\/\/www.ayuntamientodeharia.com\/haria\/wp-json\/wp\/v2\/tags?post=9669"}],"curies":[{"name":"wp","href":"https:\/\/api.w.org\/{rel}","templated":true}]}}