{"id":9661,"date":"2017-06-16T11:37:06","date_gmt":"2017-06-16T11:37:06","guid":{"rendered":"http:\/\/www.ayuntamientodeharia.com\/haria\/?p=9661"},"modified":"2017-06-16T11:39:43","modified_gmt":"2017-06-16T11:39:43","slug":"programa-de-las-fiestas","status":"publish","type":"post","link":"https:\/\/www.ayuntamientodeharia.com\/haria\/programa-de-las-fiestas\/","title":{"rendered":"La verbena popular se desarrollar\u00e1 en un recinto vallado por motivos de seguridad"},"content":{"rendered":"<p>Desde la Concejal\u00eda de Seguridad y Emergencia se comunica que durante la celebraci\u00f3n de la verbena popular de Carnaval, el s\u00e1bado, 22 de marzo, se vallar\u00e1 el per\u00edmetro de la Plaza de Har\u00eda, donde se desarrollar\u00e1 la misma, por motivos de seguridad.<\/p>\n<p>&nbsp;<\/p>\n<p>Para acceder a la verbena se habilitar\u00e1n tres entradas: una junto al museo sacro, otra a la altura del restaurante Dos Hermanos y una tercera por la entrada del solar trasero a la Plaza, que estar\u00e1n controladas por personal de seguridad para prohibir la entrada de botellas y vasos de cristal.<\/p>\n<p>&nbsp;<\/p>\n","protected":false},"excerpt":{"rendered":"<p>Desde la Concejal\u00eda de Seguridad y Emergencia se comunica que durante la celebraci\u00f3n de la verbena popular de Carnaval, el s\u00e1bado, 22 de marzo, se vallar\u00e1 el per\u00edmetro de la Plaza de Har\u00eda, donde se desarrollar\u00e1 la misma, por motivos de seguridad. &nbsp; Para acceder a la verbena se habilitar\u00e1n tres entradas: una junto al [&hellip;]<\/p>\n","protected":false},"author":8,"featured_media":0,"comment_status":"closed","ping_status":"closed","sticky":false,"template":"","format":"standard","meta":{"footnotes":""},"categories":[11,84],"tags":[],"class_list":["post-9661","post","type-post","status-publish","format-standard","hentry","category-hoja-de-haria","category-seguridad-y-emergencias"],"_links":{"self":[{"href":"https:\/\/www.ayuntamientodeharia.com\/haria\/wp-json\/wp\/v2\/posts\/9661","targetHints":{"allow":["GET"]}}],"collection":[{"href":"https:\/\/www.ayuntamientodeharia.com\/haria\/wp-json\/wp\/v2\/posts"}],"about":[{"href":"https:\/\/www.ayuntamientodeharia.com\/haria\/wp-json\/wp\/v2\/types\/post"}],"author":[{"embeddable":true,"href":"https:\/\/www.ayuntamientodeharia.com\/haria\/wp-json\/wp\/v2\/users\/8"}],"replies":[{"embeddable":true,"href":"https:\/\/www.ayuntamientodeharia.com\/haria\/wp-json\/wp\/v2\/comments?post=9661"}],"version-history":[{"count":6,"href":"https:\/\/www.ayuntamientodeharia.com\/haria\/wp-json\/wp\/v2\/posts\/9661\/revisions"}],"predecessor-version":[{"id":9668,"href":"https:\/\/www.ayuntamientodeharia.com\/haria\/wp-json\/wp\/v2\/posts\/9661\/revisions\/9668"}],"wp:attachment":[{"href":"https:\/\/www.ayuntamientodeharia.com\/haria\/wp-json\/wp\/v2\/media?parent=9661"}],"wp:term":[{"taxonomy":"category","embeddable":true,"href":"https:\/\/www.ayuntamientodeharia.com\/haria\/wp-json\/wp\/v2\/categories?post=9661"},{"taxonomy":"post_tag","embeddable":true,"href":"https:\/\/www.ayuntamientodeharia.com\/haria\/wp-json\/wp\/v2\/tags?post=9661"}],"curies":[{"name":"wp","href":"https:\/\/api.w.org\/{rel}","templated":true}]}}