{"id":9651,"date":"2017-06-16T11:24:17","date_gmt":"2017-06-16T11:24:17","guid":{"rendered":"http:\/\/www.ayuntamientodeharia.com\/haria\/?p=9651"},"modified":"2017-06-16T11:24:17","modified_gmt":"2017-06-16T11:24:17","slug":"actuacion-de-la-parranda-pal-porron-en-el-programa-tenderete-de-tve","status":"publish","type":"post","link":"https:\/\/www.ayuntamientodeharia.com\/haria\/actuacion-de-la-parranda-pal-porron-en-el-programa-tenderete-de-tve\/","title":{"rendered":"Actuaci\u00f3n de la parranda Pa\u00b4l Porr\u00f3n en el programa Tenderete de TVE"},"content":{"rendered":"<p>Los seguidores de la parranda Pa\u00b4l Porr\u00f3n podr\u00e1n disfrutar de su actuaci\u00f3n durante la emisi\u00f3n del programa \u2018Tenderete\u2019, que tendr\u00e1 lugar el s\u00e1bado, 22 de marzo, en el canal internacional, en su horario habitual, y el domingo, 23 de marzo, a las 18:30 horas por la 1 de TVE en Canarias.<\/p>\n<p><a href=\"http:\/\/www.ayuntamientodeharia.com\/haria\/wp-content\/uploads\/2017\/06\/0690-actuacion-parranda.jpg\"><img fetchpriority=\"high\" decoding=\"async\" class=\"alignnone size-medium wp-image-9652\" src=\"http:\/\/www.ayuntamientodeharia.com\/haria\/wp-content\/uploads\/2017\/06\/0690-actuacion-parranda-300x209.jpg\" alt=\"0690 actuacion parranda\" width=\"300\" height=\"209\" srcset=\"https:\/\/www.ayuntamientodeharia.com\/haria\/wp-content\/uploads\/2017\/06\/0690-actuacion-parranda-300x209.jpg 300w, https:\/\/www.ayuntamientodeharia.com\/haria\/wp-content\/uploads\/2017\/06\/0690-actuacion-parranda-768x535.jpg 768w, https:\/\/www.ayuntamientodeharia.com\/haria\/wp-content\/uploads\/2017\/06\/0690-actuacion-parranda-1024x713.jpg 1024w, https:\/\/www.ayuntamientodeharia.com\/haria\/wp-content\/uploads\/2017\/06\/0690-actuacion-parranda-161x112.jpg 161w, https:\/\/www.ayuntamientodeharia.com\/haria\/wp-content\/uploads\/2017\/06\/0690-actuacion-parranda.jpg 1169w\" sizes=\"(max-width: 300px) 100vw, 300px\" \/><\/a><\/p>\n","protected":false},"excerpt":{"rendered":"<p>Los seguidores de la parranda Pa\u00b4l Porr\u00f3n podr\u00e1n disfrutar de su actuaci\u00f3n durante la emisi\u00f3n del programa \u2018Tenderete\u2019, que tendr\u00e1 lugar el s\u00e1bado, 22 de marzo, en el canal internacional, en su horario habitual, y el domingo, 23 de marzo, a las 18:30 horas por la 1 de TVE en Canarias.<\/p>\n","protected":false},"author":8,"featured_media":0,"comment_status":"closed","ping_status":"closed","sticky":false,"template":"","format":"standard","meta":{"footnotes":""},"categories":[11],"tags":[],"class_list":["post-9651","post","type-post","status-publish","format-standard","hentry","category-hoja-de-haria"],"_links":{"self":[{"href":"https:\/\/www.ayuntamientodeharia.com\/haria\/wp-json\/wp\/v2\/posts\/9651","targetHints":{"allow":["GET"]}}],"collection":[{"href":"https:\/\/www.ayuntamientodeharia.com\/haria\/wp-json\/wp\/v2\/posts"}],"about":[{"href":"https:\/\/www.ayuntamientodeharia.com\/haria\/wp-json\/wp\/v2\/types\/post"}],"author":[{"embeddable":true,"href":"https:\/\/www.ayuntamientodeharia.com\/haria\/wp-json\/wp\/v2\/users\/8"}],"replies":[{"embeddable":true,"href":"https:\/\/www.ayuntamientodeharia.com\/haria\/wp-json\/wp\/v2\/comments?post=9651"}],"version-history":[{"count":1,"href":"https:\/\/www.ayuntamientodeharia.com\/haria\/wp-json\/wp\/v2\/posts\/9651\/revisions"}],"predecessor-version":[{"id":9653,"href":"https:\/\/www.ayuntamientodeharia.com\/haria\/wp-json\/wp\/v2\/posts\/9651\/revisions\/9653"}],"wp:attachment":[{"href":"https:\/\/www.ayuntamientodeharia.com\/haria\/wp-json\/wp\/v2\/media?parent=9651"}],"wp:term":[{"taxonomy":"category","embeddable":true,"href":"https:\/\/www.ayuntamientodeharia.com\/haria\/wp-json\/wp\/v2\/categories?post=9651"},{"taxonomy":"post_tag","embeddable":true,"href":"https:\/\/www.ayuntamientodeharia.com\/haria\/wp-json\/wp\/v2\/tags?post=9651"}],"curies":[{"name":"wp","href":"https:\/\/api.w.org\/{rel}","templated":true}]}}