{"id":9647,"date":"2017-06-16T11:20:59","date_gmt":"2017-06-16T11:20:59","guid":{"rendered":"http:\/\/www.ayuntamientodeharia.com\/haria\/?p=9647"},"modified":"2017-06-16T11:20:59","modified_gmt":"2017-06-16T11:20:59","slug":"el-ayuntamiento-entregara-compostadoras-domesticas-para-el-reciclado-de-residuos-organicos","status":"publish","type":"post","link":"https:\/\/www.ayuntamientodeharia.com\/haria\/el-ayuntamiento-entregara-compostadoras-domesticas-para-el-reciclado-de-residuos-organicos\/","title":{"rendered":"El Ayuntamiento entregar\u00e1 compostadoras dom\u00e9sticas para el reciclado de residuos org\u00e1nicos"},"content":{"rendered":"<p>La Concejal\u00eda de Agricultura pone en marcha una interesante iniciativa sobre autocompostaje con el objetivo de concienciar a los vecinos del municipio y dar una salida sostenible, tanto a los residuos org\u00e1nicos que se generan en los hogares, como a los restos de poda y hoja secas de huertos y jardines.<\/p>\n<p>&nbsp;<\/p>\n<p>El primer paso que se va a dar desde el \u00c1rea es el reparto de compostadoras dom\u00e9sticas para que los vecinos que lo deseen comiencen a reciclar la materia org\u00e1nica que se genera en sus domicilios. Una vez la hayan recibido, deber\u00e1n realizar un curso de formaci\u00f3n donde\u00a0recibir\u00e1n el asesoramiento y seguimiento adecuado para la realizaci\u00f3n del compost.<\/p>\n<p>&nbsp;<\/p>\n<p>Las personas interesadas en adquirir una compostadora deber\u00e1n ser mayores de 18 a\u00f1os y estar empadronadas en el municipio. Las solicitudes se deber\u00e1n gestionar en el Departamento de Agricultura, de lunes a viernes, de 9:00 a 13:00 horas, y dejar sus datos.<\/p>\n<p><a href=\"http:\/\/www.ayuntamientodeharia.com\/haria\/wp-content\/uploads\/2017\/06\/0690-compostadora-1.jpg\"><img decoding=\"async\" class=\"alignnone  wp-image-9648\" src=\"http:\/\/www.ayuntamientodeharia.com\/haria\/wp-content\/uploads\/2017\/06\/0690-compostadora-1-300x249.jpg\" alt=\"0690 compostadora 1\" width=\"239\" height=\"200\" srcset=\"https:\/\/www.ayuntamientodeharia.com\/haria\/wp-content\/uploads\/2017\/06\/0690-compostadora-1-135x112.jpg 135w, https:\/\/www.ayuntamientodeharia.com\/haria\/wp-content\/uploads\/2017\/06\/0690-compostadora-1.jpg 556w\" sizes=\"(max-width: 239px) 100vw, 239px\" \/><\/a><a href=\"http:\/\/www.ayuntamientodeharia.com\/haria\/wp-content\/uploads\/2017\/06\/0690-compostadora-2.jpg\"><img decoding=\"async\" class=\"alignnone  wp-image-9649\" src=\"http:\/\/www.ayuntamientodeharia.com\/haria\/wp-content\/uploads\/2017\/06\/0690-compostadora-2-268x300.jpg\" alt=\"0690 compostadora 2\" width=\"180\" height=\"200\" srcset=\"https:\/\/www.ayuntamientodeharia.com\/haria\/wp-content\/uploads\/2017\/06\/0690-compostadora-2-268x300.jpg 268w, https:\/\/www.ayuntamientodeharia.com\/haria\/wp-content\/uploads\/2017\/06\/0690-compostadora-2-100x112.jpg 100w, https:\/\/www.ayuntamientodeharia.com\/haria\/wp-content\/uploads\/2017\/06\/0690-compostadora-2.jpg 514w\" sizes=\"(max-width: 180px) 100vw, 180px\" \/><\/a><\/p>\n","protected":false},"excerpt":{"rendered":"<p>La Concejal\u00eda de Agricultura pone en marcha una interesante iniciativa sobre autocompostaje con el objetivo de concienciar a los vecinos del municipio y dar una salida sostenible, tanto a los residuos org\u00e1nicos que se generan en los hogares, como a los restos de poda y hoja secas de huertos y jardines. &nbsp; El primer paso [&hellip;]<\/p>\n","protected":false},"author":8,"featured_media":0,"comment_status":"closed","ping_status":"closed","sticky":false,"template":"","format":"standard","meta":{"footnotes":""},"categories":[20,11],"tags":[],"class_list":["post-9647","post","type-post","status-publish","format-standard","hentry","category-agricultura","category-hoja-de-haria"],"_links":{"self":[{"href":"https:\/\/www.ayuntamientodeharia.com\/haria\/wp-json\/wp\/v2\/posts\/9647","targetHints":{"allow":["GET"]}}],"collection":[{"href":"https:\/\/www.ayuntamientodeharia.com\/haria\/wp-json\/wp\/v2\/posts"}],"about":[{"href":"https:\/\/www.ayuntamientodeharia.com\/haria\/wp-json\/wp\/v2\/types\/post"}],"author":[{"embeddable":true,"href":"https:\/\/www.ayuntamientodeharia.com\/haria\/wp-json\/wp\/v2\/users\/8"}],"replies":[{"embeddable":true,"href":"https:\/\/www.ayuntamientodeharia.com\/haria\/wp-json\/wp\/v2\/comments?post=9647"}],"version-history":[{"count":1,"href":"https:\/\/www.ayuntamientodeharia.com\/haria\/wp-json\/wp\/v2\/posts\/9647\/revisions"}],"predecessor-version":[{"id":9650,"href":"https:\/\/www.ayuntamientodeharia.com\/haria\/wp-json\/wp\/v2\/posts\/9647\/revisions\/9650"}],"wp:attachment":[{"href":"https:\/\/www.ayuntamientodeharia.com\/haria\/wp-json\/wp\/v2\/media?parent=9647"}],"wp:term":[{"taxonomy":"category","embeddable":true,"href":"https:\/\/www.ayuntamientodeharia.com\/haria\/wp-json\/wp\/v2\/categories?post=9647"},{"taxonomy":"post_tag","embeddable":true,"href":"https:\/\/www.ayuntamientodeharia.com\/haria\/wp-json\/wp\/v2\/tags?post=9647"}],"curies":[{"name":"wp","href":"https:\/\/api.w.org\/{rel}","templated":true}]}}