{"id":9643,"date":"2017-06-16T11:15:57","date_gmt":"2017-06-16T11:15:57","guid":{"rendered":"http:\/\/www.ayuntamientodeharia.com\/haria\/?p=9643"},"modified":"2017-06-16T11:15:57","modified_gmt":"2017-06-16T11:15:57","slug":"brillante-actuacion-de-andrea-fontes-y-marcos-garcia-en-el-xxv-campeonato-de-europa-de-baile","status":"publish","type":"post","link":"https:\/\/www.ayuntamientodeharia.com\/haria\/brillante-actuacion-de-andrea-fontes-y-marcos-garcia-en-el-xxv-campeonato-de-europa-de-baile\/","title":{"rendered":"Brillante actuaci\u00f3n de Andrea Fontes y Marcos Garc\u00eda en el XXV Campeonato de Europa de Baile"},"content":{"rendered":"<p>La joven pareja de baile formada por Andrea Fontes y Marcos Garc\u00eda volvi\u00f3 a brillar una vez m\u00e1s en el \u2018XXV Campeonato de Europa de Baile\u2019 celebrado el pasado mes de febrero en el Palacio San Miguel de Torremolinos.<\/p>\n<p>&nbsp;<\/p>\n<p>La magn\u00edfica actuaci\u00f3n realizada por la pareja hizo que el jurado los proclamase, dentro de su categor\u00eda, campeones de Europa de Baile Art\u00edstico y subcampeones de Europa de Salsa, as\u00ed como terceros en el Campeonato de Europa de Pasodoble y Chahacha.<\/p>\n<p>&nbsp;<\/p>\n<p>Desde el Ayuntamiento de Har\u00eda se les felicita por este logro, dese\u00e1ndoles los mejores \u00e9xitos en futuras competiciones.<\/p>\n<p><a href=\"http:\/\/www.ayuntamientodeharia.com\/haria\/wp-content\/uploads\/2017\/06\/0690-campeonato-baile.jpg\"><img fetchpriority=\"high\" decoding=\"async\" class=\"alignnone size-medium wp-image-9645\" src=\"http:\/\/www.ayuntamientodeharia.com\/haria\/wp-content\/uploads\/2017\/06\/0690-campeonato-baile-205x300.jpg\" alt=\"0690 campeonato baile\" width=\"205\" height=\"300\" srcset=\"https:\/\/www.ayuntamientodeharia.com\/haria\/wp-content\/uploads\/2017\/06\/0690-campeonato-baile-205x300.jpg 205w, https:\/\/www.ayuntamientodeharia.com\/haria\/wp-content\/uploads\/2017\/06\/0690-campeonato-baile-77x112.jpg 77w, https:\/\/www.ayuntamientodeharia.com\/haria\/wp-content\/uploads\/2017\/06\/0690-campeonato-baile.jpg 552w\" sizes=\"(max-width: 205px) 100vw, 205px\" \/><\/a><\/p>\n","protected":false},"excerpt":{"rendered":"<p>La joven pareja de baile formada por Andrea Fontes y Marcos Garc\u00eda volvi\u00f3 a brillar una vez m\u00e1s en el \u2018XXV Campeonato de Europa de Baile\u2019 celebrado el pasado mes de febrero en el Palacio San Miguel de Torremolinos. &nbsp; La magn\u00edfica actuaci\u00f3n realizada por la pareja hizo que el jurado los proclamase, dentro de [&hellip;]<\/p>\n","protected":false},"author":8,"featured_media":0,"comment_status":"closed","ping_status":"closed","sticky":false,"template":"","format":"standard","meta":{"footnotes":""},"categories":[11],"tags":[],"class_list":["post-9643","post","type-post","status-publish","format-standard","hentry","category-hoja-de-haria"],"_links":{"self":[{"href":"https:\/\/www.ayuntamientodeharia.com\/haria\/wp-json\/wp\/v2\/posts\/9643","targetHints":{"allow":["GET"]}}],"collection":[{"href":"https:\/\/www.ayuntamientodeharia.com\/haria\/wp-json\/wp\/v2\/posts"}],"about":[{"href":"https:\/\/www.ayuntamientodeharia.com\/haria\/wp-json\/wp\/v2\/types\/post"}],"author":[{"embeddable":true,"href":"https:\/\/www.ayuntamientodeharia.com\/haria\/wp-json\/wp\/v2\/users\/8"}],"replies":[{"embeddable":true,"href":"https:\/\/www.ayuntamientodeharia.com\/haria\/wp-json\/wp\/v2\/comments?post=9643"}],"version-history":[{"count":2,"href":"https:\/\/www.ayuntamientodeharia.com\/haria\/wp-json\/wp\/v2\/posts\/9643\/revisions"}],"predecessor-version":[{"id":9646,"href":"https:\/\/www.ayuntamientodeharia.com\/haria\/wp-json\/wp\/v2\/posts\/9643\/revisions\/9646"}],"wp:attachment":[{"href":"https:\/\/www.ayuntamientodeharia.com\/haria\/wp-json\/wp\/v2\/media?parent=9643"}],"wp:term":[{"taxonomy":"category","embeddable":true,"href":"https:\/\/www.ayuntamientodeharia.com\/haria\/wp-json\/wp\/v2\/categories?post=9643"},{"taxonomy":"post_tag","embeddable":true,"href":"https:\/\/www.ayuntamientodeharia.com\/haria\/wp-json\/wp\/v2\/tags?post=9643"}],"curies":[{"name":"wp","href":"https:\/\/api.w.org\/{rel}","templated":true}]}}