{"id":9639,"date":"2017-06-16T09:23:42","date_gmt":"2017-06-16T09:23:42","guid":{"rendered":"http:\/\/www.ayuntamientodeharia.com\/haria\/?p=9639"},"modified":"2017-06-16T09:24:09","modified_gmt":"2017-06-16T09:24:09","slug":"9639","status":"publish","type":"post","link":"https:\/\/www.ayuntamientodeharia.com\/haria\/9639\/","title":{"rendered":"Har\u00eda se prepara para el \u2018Festival Malpa\u00eds de la Corona\u2019 y la Romer\u00eda de San Juan"},"content":{"rendered":"<p>Las Fiestas de San Juan de Har\u00eda ya han comenzado y este fin de semana, del 16 al 18 de junio, tendr\u00e1n lugar algunos de los actos m\u00e1s importantes y participativos dentro del programa elaborado por el \u00e1rea de Festejos del Ayuntamiento norte\u00f1o, que coordina Soraya Brito.<\/p>\n<p><!--more--><\/p>\n<p>&nbsp;<\/p>\n<p>As\u00ed, hoy viernes 16, a las 21:30 horas, la Asociaci\u00f3n Folcl\u00f3rica Malpa\u00eds de la Corona celebrar\u00e1 la d\u00e9cimo cuarta edici\u00f3n de su Festival bajo el t\u00edtulo de \u2018Del molino al zurr\u00f3n\u2019. Un espacio inigualable de transmisi\u00f3n de los valores tradicionales de la cultura norte\u00f1a, lanzarote\u00f1a y canaria que contar\u00e1 con la participaci\u00f3n de las agrupaciones Tetir, de Fuerteventura, y Acatife, de Lanzarote, en la Plaza de Har\u00eda.<\/p>\n<p>&nbsp;<\/p>\n<p>Ya el s\u00e1bado, 17 de junio, a las 19:00 horas, ser\u00e1 el turno de la XXIV Romer\u00eda en honor a San Juan Bautista. La calle San Juan, la arteria principal del pueblo de Har\u00eda, ser\u00e1 el lugar de encuentro de cientos de romeros que acudir\u00e1n como cada a\u00f1o, a celebrar la festividad del patr\u00f3n del norte de la Isla.<\/p>\n<p>&nbsp;<\/p>\n<p>Esta tradicional Romer\u00eda es ya un encuentro popular donde el folclore y el ambiente festivo son los principales protagonistas. Una gran procesi\u00f3n de carretas engalanadas recorrer\u00e1 las calles\u00a0al son de canciones populares canarias como isas, seguidillas, fol\u00edas&#8230;<\/p>\n<p>&nbsp;<\/p>\n<p>A lo largo de la tarde, la Romer\u00eda de San Juan se pasear\u00e1 por las principales calles del pueblo hasta llegar, bien entrada la noche, a la plaza de Har\u00eda. All\u00ed, cada carreta entregar\u00e1 su ofrenda a San Juan Bautista junto a la Iglesia, donde los romeros continuar\u00e1n hasta la madrugada ataviados con las vestimentas t\u00edpicas canarias, pudiendo participar en el Baile de Taifa que tendr\u00e1 lugar a las 22:00 horas, con la participaci\u00f3n de las parrandas Ra\u00edces, Pa\u00b4l Porr\u00f3n, Los Gurfines y Son del Norte y premio a la pareja mejor vestida.<\/p>\n<p>&nbsp;<\/p>\n<p>&nbsp;<\/p>\n<p><strong>Cierre de calles y regulaci\u00f3n del tr\u00e1fico con motivo de la Romer\u00eda<\/strong><\/p>\n<p>&nbsp;<\/p>\n<p>Con motivo de la celebraci\u00f3n de la Romer\u00eda de San Juan, el s\u00e1bado, 17 de junio, permanecer\u00e1n cerradas al tr\u00e1fico, desde las 18:00 horas y hasta su finalizaci\u00f3n, las calles San Juan, Faja, Molino, Fajardo, Encarnaci\u00f3n Rodr\u00edguez Lasso, Cruz de Ferrer, La Cruz, Longueras y el primer tramo de la calle De Cilla.<\/p>\n<p>&nbsp;<\/p>\n<p>Se prohibir\u00e1 estacionar durante el desarrollo de la Romer\u00eda en las calles Cruz de Ferrer, Las Eras, La Hoya, La Cruz, Faja, Encarnaci\u00f3n Rodr\u00edguez Lasso, San Juan, Fajardo, Vista de La Vega, De Cilla y en un tramo de la calle Sol.<\/p>\n<p>&nbsp;<\/p>\n<p>Las personas que acudan con sus veh\u00edculos podr\u00e1n utilizar las zonas de aparcamiento habilitadas en diferentes enclaves del pueblo de Har\u00eda. Los veh\u00edculos de las personas con minusval\u00eda podr\u00e1n estacionar en la Calle Longueras.<\/p>\n<p>&nbsp;<\/p>\n<p>La parada del servicio regular de guaguas se trasladar\u00e1 a partir de las 18:0 horas al aparcamiento del restaurante Los Cascajos, mientras que la parada de taxi se reubicar\u00e1 en la calle La Hoya.<\/p>\n<p>&nbsp;<\/p>\n<p>Desde el Ayuntamiento se solicita la colaboraci\u00f3n de los vecinos, as\u00ed como la de las personas que se acerquen al pueblo de Har\u00eda a disfrutar de la Romer\u00eda de San Juan, con el fin de que respeten las se\u00f1ales de tr\u00e1fico y sigan las indicaciones de los agentes.<\/p>\n","protected":false},"excerpt":{"rendered":"<p>Las Fiestas de San Juan de Har\u00eda ya han comenzado y este fin de semana, del 16 al 18 de junio, tendr\u00e1n lugar algunos de los actos m\u00e1s importantes y participativos dentro del programa elaborado por el \u00e1rea de Festejos del Ayuntamiento norte\u00f1o, que coordina Soraya Brito.<\/p>\n","protected":false},"author":7,"featured_media":9638,"comment_status":"closed","ping_status":"closed","sticky":false,"template":"","format":"standard","meta":{"footnotes":""},"categories":[15,11,84],"tags":[],"class_list":["post-9639","post","type-post","status-publish","format-standard","has-post-thumbnail","hentry","category-festejos","category-hoja-de-haria","category-seguridad-y-emergencias"],"_links":{"self":[{"href":"https:\/\/www.ayuntamientodeharia.com\/haria\/wp-json\/wp\/v2\/posts\/9639","targetHints":{"allow":["GET"]}}],"collection":[{"href":"https:\/\/www.ayuntamientodeharia.com\/haria\/wp-json\/wp\/v2\/posts"}],"about":[{"href":"https:\/\/www.ayuntamientodeharia.com\/haria\/wp-json\/wp\/v2\/types\/post"}],"author":[{"embeddable":true,"href":"https:\/\/www.ayuntamientodeharia.com\/haria\/wp-json\/wp\/v2\/users\/7"}],"replies":[{"embeddable":true,"href":"https:\/\/www.ayuntamientodeharia.com\/haria\/wp-json\/wp\/v2\/comments?post=9639"}],"version-history":[{"count":2,"href":"https:\/\/www.ayuntamientodeharia.com\/haria\/wp-json\/wp\/v2\/posts\/9639\/revisions"}],"predecessor-version":[{"id":9641,"href":"https:\/\/www.ayuntamientodeharia.com\/haria\/wp-json\/wp\/v2\/posts\/9639\/revisions\/9641"}],"wp:featuredmedia":[{"embeddable":true,"href":"https:\/\/www.ayuntamientodeharia.com\/haria\/wp-json\/wp\/v2\/media\/9638"}],"wp:attachment":[{"href":"https:\/\/www.ayuntamientodeharia.com\/haria\/wp-json\/wp\/v2\/media?parent=9639"}],"wp:term":[{"taxonomy":"category","embeddable":true,"href":"https:\/\/www.ayuntamientodeharia.com\/haria\/wp-json\/wp\/v2\/categories?post=9639"},{"taxonomy":"post_tag","embeddable":true,"href":"https:\/\/www.ayuntamientodeharia.com\/haria\/wp-json\/wp\/v2\/tags?post=9639"}],"curies":[{"name":"wp","href":"https:\/\/api.w.org\/{rel}","templated":true}]}}