{"id":9634,"date":"2017-06-16T07:23:30","date_gmt":"2017-06-16T07:23:30","guid":{"rendered":"http:\/\/www.ayuntamientodeharia.com\/haria\/?p=9634"},"modified":"2017-06-16T07:23:30","modified_gmt":"2017-06-16T07:23:30","slug":"fiestas-de-la-encarnacion-haria-2014","status":"publish","type":"post","link":"https:\/\/www.ayuntamientodeharia.com\/haria\/fiestas-de-la-encarnacion-haria-2014\/","title":{"rendered":"Fiestas de la Encarnaci\u00f3n-Har\u00eda 2014"},"content":{"rendered":"<h6>Martes 25 de marzo:<\/h6>\n<p>&nbsp;<\/p>\n<p>Festividad de Nuestra Se\u00f1ora de la Encarnaci\u00f3n<\/p>\n<p>&nbsp;<\/p>\n<p><strong>19:15 h.<\/strong>&#8211; Santa Misa en honor a Nuestra Se\u00f1ora de la Encarnaci\u00f3n. A continuaci\u00f3n, inauguraci\u00f3n de la exposici\u00f3n de fotograf\u00edas de Javier Reyes con motivo de los 50 a\u00f1os de la de la desaparici\u00f3n de antigua Iglesia. La exposici\u00f3n podr\u00e1 visitarse hasta el 30 de abril, en la Iglesia de Nuestra Se\u00f1ora de la Encarnaci\u00f3n de Har\u00eda.<\/p>\n<p>&nbsp;<\/p>\n<h6>Viernes, 28 de marzo:<\/h6>\n<p>&nbsp;<\/p>\n<p><strong> 21:00 h.<\/strong>&#8211; Guateque amenizado por el grupo Treinta y tantos, para todas las edades, en el Centro Sociocultural La Tegala de Har\u00eda.<\/p>\n<p>&nbsp;<\/p>\n<h6>S\u00e1bado, 29 de marzo:<\/h6>\n<p>&nbsp;<\/p>\n<p><strong> 20:30 h.<\/strong>&#8211; Representaci\u00f3n de la obra \u2018\u00bfD\u00f3nde estar\u00e1 mi suegra?\u2019 a cargo del grupo de teatro Ajey de San Bartolom\u00e9, con motivo de la celebraci\u00f3n de las \u2018XXI Jornadas de Teatro Encarnaci\u00f3n Rodr\u00edguez\u2019.<\/p>\n<p>&nbsp;<\/p>\n<h6>Domingo, 30 de marzo:<\/h6>\n<p>&nbsp;<\/p>\n<p><strong> 12:30 h.<\/strong>&#8211; Fiesta de La Palmera. Tradicional asadero en la monta\u00f1a de la Atalaya amenizado por la parranda Pa\u00b4l Porr\u00f3n, colchonetas y juegos infantiles. A continuaci\u00f3n, bajada desde la monta\u00f1a de la Atalaya hasta la plaza de Har\u00eda.<\/p>\n<p>&nbsp;<\/p>\n<p><strong> 18:00 h.<\/strong>&#8211; Bingo solidario a favor del Banco de Alimentos del municipio en el Centro Sociocultural La Tegala.<\/p>\n","protected":false},"excerpt":{"rendered":"<p>Martes 25 de marzo: &nbsp; Festividad de Nuestra Se\u00f1ora de la Encarnaci\u00f3n &nbsp; 19:15 h.&#8211; Santa Misa en honor a Nuestra Se\u00f1ora de la Encarnaci\u00f3n. A continuaci\u00f3n, inauguraci\u00f3n de la exposici\u00f3n de fotograf\u00edas de Javier Reyes con motivo de los 50 a\u00f1os de la de la desaparici\u00f3n de antigua Iglesia. La exposici\u00f3n podr\u00e1 visitarse hasta [&hellip;]<\/p>\n","protected":false},"author":8,"featured_media":0,"comment_status":"closed","ping_status":"closed","sticky":false,"template":"","format":"standard","meta":{"footnotes":""},"categories":[15,11],"tags":[],"class_list":["post-9634","post","type-post","status-publish","format-standard","hentry","category-festejos","category-hoja-de-haria"],"_links":{"self":[{"href":"https:\/\/www.ayuntamientodeharia.com\/haria\/wp-json\/wp\/v2\/posts\/9634","targetHints":{"allow":["GET"]}}],"collection":[{"href":"https:\/\/www.ayuntamientodeharia.com\/haria\/wp-json\/wp\/v2\/posts"}],"about":[{"href":"https:\/\/www.ayuntamientodeharia.com\/haria\/wp-json\/wp\/v2\/types\/post"}],"author":[{"embeddable":true,"href":"https:\/\/www.ayuntamientodeharia.com\/haria\/wp-json\/wp\/v2\/users\/8"}],"replies":[{"embeddable":true,"href":"https:\/\/www.ayuntamientodeharia.com\/haria\/wp-json\/wp\/v2\/comments?post=9634"}],"version-history":[{"count":1,"href":"https:\/\/www.ayuntamientodeharia.com\/haria\/wp-json\/wp\/v2\/posts\/9634\/revisions"}],"predecessor-version":[{"id":9635,"href":"https:\/\/www.ayuntamientodeharia.com\/haria\/wp-json\/wp\/v2\/posts\/9634\/revisions\/9635"}],"wp:attachment":[{"href":"https:\/\/www.ayuntamientodeharia.com\/haria\/wp-json\/wp\/v2\/media?parent=9634"}],"wp:term":[{"taxonomy":"category","embeddable":true,"href":"https:\/\/www.ayuntamientodeharia.com\/haria\/wp-json\/wp\/v2\/categories?post=9634"},{"taxonomy":"post_tag","embeddable":true,"href":"https:\/\/www.ayuntamientodeharia.com\/haria\/wp-json\/wp\/v2\/tags?post=9634"}],"curies":[{"name":"wp","href":"https:\/\/api.w.org\/{rel}","templated":true}]}}