{"id":9618,"date":"2017-06-15T11:32:45","date_gmt":"2017-06-15T11:32:45","guid":{"rendered":"http:\/\/www.ayuntamientodeharia.com\/haria\/?p=9618"},"modified":"2017-06-15T11:35:07","modified_gmt":"2017-06-15T11:35:07","slug":"recogida-de-moviles-usados-para-la-investigacion-de-la-atrofia-muscular-espinal","status":"publish","type":"post","link":"https:\/\/www.ayuntamientodeharia.com\/haria\/recogida-de-moviles-usados-para-la-investigacion-de-la-atrofia-muscular-espinal\/","title":{"rendered":"Recogida de m\u00f3viles usados para la investigaci\u00f3n de la atrofia muscular espinal"},"content":{"rendered":"<p>La Concejal\u00eda de Servicios Sociales se une a la campa\u00f1a \u2018Tu m\u00f3vil usado nos da fuerzas\u2019, organizada por la Fundaci\u00f3n Atrofia Muscular Espinal (FUNDAME), en colaboraci\u00f3n con el resto de los Ayuntamientos y de Lanzarote Recicla del \u00c1rea de Residuos del Cabildo. Con esta iniciativa se pretende recoger m\u00f3viles usados para ser cedidos a FUNDAME, quienes destinar\u00e1n los fondos obtenidos a la investigaci\u00f3n, al mismo tiempo que se contribuye al cuidado del medio ambiente.<\/p>\n<p>&nbsp;<\/p>\n<p>FUNDAME es una entidad sin \u00e1nimo de lucro que tiene como objetivo fomentar la investigaci\u00f3n sobre la atrofia muscular espinal. Dicha organizaci\u00f3n comenz\u00f3 su labor en la Isla gracias a la colaboraci\u00f3n de una familia lanzarote\u00f1a con un ni\u00f1o que padece esta enfermedad.<\/p>\n<p>&nbsp;<\/p>\n<p>La caja para la recogida de m\u00f3viles estar\u00e1 colocada en la entrada del Ayuntamiento, donde solo deber\u00e1n depositarse los terminales con su bater\u00eda, no los cargadores y enchufes.<\/p>\n<p><a href=\"http:\/\/www.ayuntamientodeharia.com\/haria\/wp-content\/uploads\/2017\/06\/0691-moviles-usados.jpg\"><img fetchpriority=\"high\" decoding=\"async\" class=\"alignnone size-medium wp-image-9623\" src=\"http:\/\/www.ayuntamientodeharia.com\/haria\/wp-content\/uploads\/2017\/06\/0691-moviles-usados-300x295.jpg\" alt=\"0691 moviles usados\" width=\"300\" height=\"295\" srcset=\"https:\/\/www.ayuntamientodeharia.com\/haria\/wp-content\/uploads\/2017\/06\/0691-moviles-usados-300x295.jpg 300w, https:\/\/www.ayuntamientodeharia.com\/haria\/wp-content\/uploads\/2017\/06\/0691-moviles-usados-114x112.jpg 114w, https:\/\/www.ayuntamientodeharia.com\/haria\/wp-content\/uploads\/2017\/06\/0691-moviles-usados.jpg 623w\" sizes=\"(max-width: 300px) 100vw, 300px\" \/><\/a><\/p>\n","protected":false},"excerpt":{"rendered":"<p>La Concejal\u00eda de Servicios Sociales se une a la campa\u00f1a \u2018Tu m\u00f3vil usado nos da fuerzas\u2019, organizada por la Fundaci\u00f3n Atrofia Muscular Espinal (FUNDAME), en colaboraci\u00f3n con el resto de los Ayuntamientos y de Lanzarote Recicla del \u00c1rea de Residuos del Cabildo. Con esta iniciativa se pretende recoger m\u00f3viles usados para ser cedidos a FUNDAME, [&hellip;]<\/p>\n","protected":false},"author":8,"featured_media":0,"comment_status":"closed","ping_status":"closed","sticky":false,"template":"","format":"standard","meta":{"footnotes":""},"categories":[11,77],"tags":[],"class_list":["post-9618","post","type-post","status-publish","format-standard","hentry","category-hoja-de-haria","category-servicios-sociales"],"_links":{"self":[{"href":"https:\/\/www.ayuntamientodeharia.com\/haria\/wp-json\/wp\/v2\/posts\/9618","targetHints":{"allow":["GET"]}}],"collection":[{"href":"https:\/\/www.ayuntamientodeharia.com\/haria\/wp-json\/wp\/v2\/posts"}],"about":[{"href":"https:\/\/www.ayuntamientodeharia.com\/haria\/wp-json\/wp\/v2\/types\/post"}],"author":[{"embeddable":true,"href":"https:\/\/www.ayuntamientodeharia.com\/haria\/wp-json\/wp\/v2\/users\/8"}],"replies":[{"embeddable":true,"href":"https:\/\/www.ayuntamientodeharia.com\/haria\/wp-json\/wp\/v2\/comments?post=9618"}],"version-history":[{"count":2,"href":"https:\/\/www.ayuntamientodeharia.com\/haria\/wp-json\/wp\/v2\/posts\/9618\/revisions"}],"predecessor-version":[{"id":9624,"href":"https:\/\/www.ayuntamientodeharia.com\/haria\/wp-json\/wp\/v2\/posts\/9618\/revisions\/9624"}],"wp:attachment":[{"href":"https:\/\/www.ayuntamientodeharia.com\/haria\/wp-json\/wp\/v2\/media?parent=9618"}],"wp:term":[{"taxonomy":"category","embeddable":true,"href":"https:\/\/www.ayuntamientodeharia.com\/haria\/wp-json\/wp\/v2\/categories?post=9618"},{"taxonomy":"post_tag","embeddable":true,"href":"https:\/\/www.ayuntamientodeharia.com\/haria\/wp-json\/wp\/v2\/tags?post=9618"}],"curies":[{"name":"wp","href":"https:\/\/api.w.org\/{rel}","templated":true}]}}