{"id":9616,"date":"2017-06-15T11:30:45","date_gmt":"2017-06-15T11:30:45","guid":{"rendered":"http:\/\/www.ayuntamientodeharia.com\/haria\/?p=9616"},"modified":"2017-06-15T11:34:24","modified_gmt":"2017-06-15T11:34:24","slug":"los-mayores-del-municipio-aun-pueden-inscribirse-para-el-paseo-en-haria","status":"publish","type":"post","link":"https:\/\/www.ayuntamientodeharia.com\/haria\/los-mayores-del-municipio-aun-pueden-inscribirse-para-el-paseo-en-haria\/","title":{"rendered":"Los mayores del municipio a\u00fan pueden inscribirse para el \u2018Paseo en Har\u00eda\u2019"},"content":{"rendered":"<p>Hasta el lunes 31 de marzo tienen de plazo los mayores del municipio para inscribirse en la jornada de senderismo denominada \u2018Paseo en Har\u00eda\u2019, organizada por el Servicio Insular de Deportes, en colaboraci\u00f3n con las \u00c1reas de Servicios Sociales de los Ayuntamientos de la Isla.<\/p>\n<p>&nbsp;<\/p>\n<p>La caminata, que se desarrollar\u00e1 el s\u00e1bado, 5 de abril, tendr\u00e1 un recorrido de cuatro kil\u00f3metros y transcurrir\u00e1 desde el campo de f\u00fatbol Ladislao Rodr\u00edguez Bonilla hasta la zona del Rinc\u00f3n.<\/p>\n<p>&nbsp;<\/p>\n<p>Se recomienda a los mayores llevar ropa y calzado c\u00f3modo y estar a las 10:30 horas en el punto de salida para realizar un calentamiento previo antes de iniciar el recorrido hacia la zona del Rinc\u00f3n, donde disfrutar\u00e1n de un peque\u00f1o refrigerio en un entorno espectacular. Se tiene previsto que los mayores finalicen el recorrido a las 12:30 horas en la Plaza de Har\u00eda, donde visitar\u00e1n el mercadillo y disfrutar\u00e1n con la actuaci\u00f3n musical de la parranda Pa\u00b4l Porr\u00f3n.<\/p>\n<p><a href=\"http:\/\/www.ayuntamientodeharia.com\/haria\/wp-content\/uploads\/2017\/06\/0691-paseo-haria.jpg\"><img fetchpriority=\"high\" decoding=\"async\" class=\"alignnone size-medium wp-image-9621\" src=\"http:\/\/www.ayuntamientodeharia.com\/haria\/wp-content\/uploads\/2017\/06\/0691-paseo-haria-223x300.jpg\" alt=\"0691 paseo haria\" width=\"223\" height=\"300\" srcset=\"https:\/\/www.ayuntamientodeharia.com\/haria\/wp-content\/uploads\/2017\/06\/0691-paseo-haria-223x300.jpg 223w, https:\/\/www.ayuntamientodeharia.com\/haria\/wp-content\/uploads\/2017\/06\/0691-paseo-haria-83x112.jpg 83w, https:\/\/www.ayuntamientodeharia.com\/haria\/wp-content\/uploads\/2017\/06\/0691-paseo-haria.jpg 617w\" sizes=\"(max-width: 223px) 100vw, 223px\" \/><\/a><\/p>\n","protected":false},"excerpt":{"rendered":"<p>Hasta el lunes 31 de marzo tienen de plazo los mayores del municipio para inscribirse en la jornada de senderismo denominada \u2018Paseo en Har\u00eda\u2019, organizada por el Servicio Insular de Deportes, en colaboraci\u00f3n con las \u00c1reas de Servicios Sociales de los Ayuntamientos de la Isla. &nbsp; La caminata, que se desarrollar\u00e1 el s\u00e1bado, 5 de [&hellip;]<\/p>\n","protected":false},"author":8,"featured_media":0,"comment_status":"closed","ping_status":"closed","sticky":false,"template":"","format":"standard","meta":{"footnotes":""},"categories":[11,77],"tags":[],"class_list":["post-9616","post","type-post","status-publish","format-standard","hentry","category-hoja-de-haria","category-servicios-sociales"],"_links":{"self":[{"href":"https:\/\/www.ayuntamientodeharia.com\/haria\/wp-json\/wp\/v2\/posts\/9616","targetHints":{"allow":["GET"]}}],"collection":[{"href":"https:\/\/www.ayuntamientodeharia.com\/haria\/wp-json\/wp\/v2\/posts"}],"about":[{"href":"https:\/\/www.ayuntamientodeharia.com\/haria\/wp-json\/wp\/v2\/types\/post"}],"author":[{"embeddable":true,"href":"https:\/\/www.ayuntamientodeharia.com\/haria\/wp-json\/wp\/v2\/users\/8"}],"replies":[{"embeddable":true,"href":"https:\/\/www.ayuntamientodeharia.com\/haria\/wp-json\/wp\/v2\/comments?post=9616"}],"version-history":[{"count":2,"href":"https:\/\/www.ayuntamientodeharia.com\/haria\/wp-json\/wp\/v2\/posts\/9616\/revisions"}],"predecessor-version":[{"id":9622,"href":"https:\/\/www.ayuntamientodeharia.com\/haria\/wp-json\/wp\/v2\/posts\/9616\/revisions\/9622"}],"wp:attachment":[{"href":"https:\/\/www.ayuntamientodeharia.com\/haria\/wp-json\/wp\/v2\/media?parent=9616"}],"wp:term":[{"taxonomy":"category","embeddable":true,"href":"https:\/\/www.ayuntamientodeharia.com\/haria\/wp-json\/wp\/v2\/categories?post=9616"},{"taxonomy":"post_tag","embeddable":true,"href":"https:\/\/www.ayuntamientodeharia.com\/haria\/wp-json\/wp\/v2\/tags?post=9616"}],"curies":[{"name":"wp","href":"https:\/\/api.w.org\/{rel}","templated":true}]}}