{"id":9608,"date":"2017-06-15T11:17:50","date_gmt":"2017-06-15T11:17:50","guid":{"rendered":"http:\/\/www.ayuntamientodeharia.com\/haria\/?p=9608"},"modified":"2017-06-15T11:17:50","modified_gmt":"2017-06-15T11:17:50","slug":"se-abre-el-plazo-para-solicitar-plaza-en-los-centros-escolares","status":"publish","type":"post","link":"https:\/\/www.ayuntamientodeharia.com\/haria\/se-abre-el-plazo-para-solicitar-plaza-en-los-centros-escolares\/","title":{"rendered":"Se abre el plazo para solicitar plaza en los Centros Escolares"},"content":{"rendered":"<p>La Concejal\u00eda de Educaci\u00f3n comunica a los padres del municipio con ni\u00f1os pendientes de escolarizar durante el curso 2014-2015 que el plazo para realizar los tr\u00e1mites oportunos queda establecido por la Consejer\u00eda de Educaci\u00f3n del Gobierno de Canarias del 3 al 30 de abril, ambos d\u00edas inclusive.<\/p>\n<p>&nbsp;<\/p>\n<p>Las personas interesadas pueden informarse en las secretar\u00edas de los centros escolares o a trav\u00e9s de la p\u00e1gina www.gobiernodecanarias.org\/ educaci\u00f3n, en el acceso \u201calumnado\u201d, \u201cestudios no universitarios\u201d, \u201cadmisi\u00f3n de alumnos\u201d.<\/p>\n<p>&nbsp;<\/p>\n","protected":false},"excerpt":{"rendered":"<p>La Concejal\u00eda de Educaci\u00f3n comunica a los padres del municipio con ni\u00f1os pendientes de escolarizar durante el curso 2014-2015 que el plazo para realizar los tr\u00e1mites oportunos queda establecido por la Consejer\u00eda de Educaci\u00f3n del Gobierno de Canarias del 3 al 30 de abril, ambos d\u00edas inclusive. &nbsp; Las personas interesadas pueden informarse en las [&hellip;]<\/p>\n","protected":false},"author":8,"featured_media":0,"comment_status":"closed","ping_status":"closed","sticky":false,"template":"","format":"standard","meta":{"footnotes":""},"categories":[19,11],"tags":[],"class_list":["post-9608","post","type-post","status-publish","format-standard","hentry","category-formacion","category-hoja-de-haria"],"_links":{"self":[{"href":"https:\/\/www.ayuntamientodeharia.com\/haria\/wp-json\/wp\/v2\/posts\/9608","targetHints":{"allow":["GET"]}}],"collection":[{"href":"https:\/\/www.ayuntamientodeharia.com\/haria\/wp-json\/wp\/v2\/posts"}],"about":[{"href":"https:\/\/www.ayuntamientodeharia.com\/haria\/wp-json\/wp\/v2\/types\/post"}],"author":[{"embeddable":true,"href":"https:\/\/www.ayuntamientodeharia.com\/haria\/wp-json\/wp\/v2\/users\/8"}],"replies":[{"embeddable":true,"href":"https:\/\/www.ayuntamientodeharia.com\/haria\/wp-json\/wp\/v2\/comments?post=9608"}],"version-history":[{"count":1,"href":"https:\/\/www.ayuntamientodeharia.com\/haria\/wp-json\/wp\/v2\/posts\/9608\/revisions"}],"predecessor-version":[{"id":9609,"href":"https:\/\/www.ayuntamientodeharia.com\/haria\/wp-json\/wp\/v2\/posts\/9608\/revisions\/9609"}],"wp:attachment":[{"href":"https:\/\/www.ayuntamientodeharia.com\/haria\/wp-json\/wp\/v2\/media?parent=9608"}],"wp:term":[{"taxonomy":"category","embeddable":true,"href":"https:\/\/www.ayuntamientodeharia.com\/haria\/wp-json\/wp\/v2\/categories?post=9608"},{"taxonomy":"post_tag","embeddable":true,"href":"https:\/\/www.ayuntamientodeharia.com\/haria\/wp-json\/wp\/v2\/tags?post=9608"}],"curies":[{"name":"wp","href":"https:\/\/api.w.org\/{rel}","templated":true}]}}