{"id":9557,"date":"2017-06-13T11:44:44","date_gmt":"2017-06-13T11:44:44","guid":{"rendered":"http:\/\/www.ayuntamientodeharia.com\/haria\/?p=9557"},"modified":"2017-06-13T11:44:44","modified_gmt":"2017-06-13T11:44:44","slug":"jornadas-sobre-agricultura-salud-y-alimentacion-en-arrecife","status":"publish","type":"post","link":"https:\/\/www.ayuntamientodeharia.com\/haria\/jornadas-sobre-agricultura-salud-y-alimentacion-en-arrecife\/","title":{"rendered":"Jornadas sobre agricultura, salud y alimentaci\u00f3n en Arrecife"},"content":{"rendered":"<p>La Concejal\u00eda de Agricultura informa de que del 21 al 23 de abril se celebrar\u00e1n unas Jornadas sobre Agricultura, Salud y Alimentaci\u00f3n en el Centro C\u00edvico de Arrecife. Dichas jornadas est\u00e1n organizadas por la Consejer\u00eda de Agricultura del Cabildo en colaboraci\u00f3n con el Instituto Canario de Calidad Agroalimentaria, la Reserva de la Biosfera y Saborea Lanzarote, y est\u00e1n dirigidas fundamentalmente a los agricultores, asociaciones relacionadas con el sector, consumidores, familias usuarias de comedores escolares y empresas de restauraci\u00f3n. Las jornadas tienen car\u00e1cter gratuito y las plazas son limitadas, por lo que se recomienda a las personas interesadas realizar la inscripci\u00f3n cuanto antes. El plazo para formalizar la matr\u00edcula es del 1 al 17 de abril, bien acudiendo a las instalaciones en la Granja Agr\u00edcola Experimental, por tel\u00e9fono llamando al 928 836 590 (ext. 11) o enviando un correo electr\u00f3nico a agrolanzarote@cabildodelanzarote. com indicando los datos de la persona el DNI y el n\u00famero de tel\u00e9fono de contacto.<\/p>\n","protected":false},"excerpt":{"rendered":"<p>La Concejal\u00eda de Agricultura informa de que del 21 al 23 de abril se celebrar\u00e1n unas Jornadas sobre Agricultura, Salud y Alimentaci\u00f3n en el Centro C\u00edvico de Arrecife. Dichas jornadas est\u00e1n organizadas por la Consejer\u00eda de Agricultura del Cabildo en colaboraci\u00f3n con el Instituto Canario de Calidad Agroalimentaria, la Reserva de la Biosfera y Saborea [&hellip;]<\/p>\n","protected":false},"author":8,"featured_media":0,"comment_status":"closed","ping_status":"closed","sticky":false,"template":"","format":"standard","meta":{"footnotes":""},"categories":[20,11],"tags":[],"class_list":["post-9557","post","type-post","status-publish","format-standard","hentry","category-agricultura","category-hoja-de-haria"],"_links":{"self":[{"href":"https:\/\/www.ayuntamientodeharia.com\/haria\/wp-json\/wp\/v2\/posts\/9557","targetHints":{"allow":["GET"]}}],"collection":[{"href":"https:\/\/www.ayuntamientodeharia.com\/haria\/wp-json\/wp\/v2\/posts"}],"about":[{"href":"https:\/\/www.ayuntamientodeharia.com\/haria\/wp-json\/wp\/v2\/types\/post"}],"author":[{"embeddable":true,"href":"https:\/\/www.ayuntamientodeharia.com\/haria\/wp-json\/wp\/v2\/users\/8"}],"replies":[{"embeddable":true,"href":"https:\/\/www.ayuntamientodeharia.com\/haria\/wp-json\/wp\/v2\/comments?post=9557"}],"version-history":[{"count":1,"href":"https:\/\/www.ayuntamientodeharia.com\/haria\/wp-json\/wp\/v2\/posts\/9557\/revisions"}],"predecessor-version":[{"id":9558,"href":"https:\/\/www.ayuntamientodeharia.com\/haria\/wp-json\/wp\/v2\/posts\/9557\/revisions\/9558"}],"wp:attachment":[{"href":"https:\/\/www.ayuntamientodeharia.com\/haria\/wp-json\/wp\/v2\/media?parent=9557"}],"wp:term":[{"taxonomy":"category","embeddable":true,"href":"https:\/\/www.ayuntamientodeharia.com\/haria\/wp-json\/wp\/v2\/categories?post=9557"},{"taxonomy":"post_tag","embeddable":true,"href":"https:\/\/www.ayuntamientodeharia.com\/haria\/wp-json\/wp\/v2\/tags?post=9557"}],"curies":[{"name":"wp","href":"https:\/\/api.w.org\/{rel}","templated":true}]}}