{"id":9541,"date":"2017-06-13T09:48:56","date_gmt":"2017-06-13T09:48:56","guid":{"rendered":"http:\/\/www.ayuntamientodeharia.com\/haria\/?p=9541"},"modified":"2017-06-13T09:48:56","modified_gmt":"2017-06-13T09:48:56","slug":"el-mirador-de-guatifay-37","status":"publish","type":"post","link":"https:\/\/www.ayuntamientodeharia.com\/haria\/el-mirador-de-guatifay-37\/","title":{"rendered":"El Mirador de Guatifay"},"content":{"rendered":"<p><a style=\"font-weight: inherit; font-style: inherit; color: #1b8be0;\" href=\"http:\/\/www.ayuntamientodeharia.com\/haria\/wp-content\/uploads\/2016\/01\/gregorio.jpg\"><img decoding=\"async\" class=\"alignleft wp-image-3454\" style=\"font-weight: inherit; font-style: inherit; color: inherit;\" src=\"http:\/\/www.ayuntamientodeharia.com\/haria\/wp-content\/uploads\/2016\/01\/gregorio-246x300.jpg\" alt=\"gregorio\" width=\"114\" height=\"138\" srcset=\"https:\/\/www.ayuntamientodeharia.com\/haria\/wp-content\/uploads\/2016\/01\/gregorio-246x300.jpg 246w, https:\/\/www.ayuntamientodeharia.com\/haria\/wp-content\/uploads\/2016\/01\/gregorio.jpg 249w\" sizes=\"(max-width: 114px) 100vw, 114px\" \/><\/a><\/p>\n<p><strong style=\"font-weight: bold; font-style: inherit; color: inherit;\">Por Gregorio Barreto Vi\u00f1oly<\/strong><\/p>\n<p>&nbsp;<\/p>\n<p>&nbsp;<\/p>\n<h6 style=\"font-weight: inherit;\"><strong>\u00a0Exposici\u00f3n fotogr\u00e1fica de Javier Reyes sobre el derribo de la Iglesia<\/strong><\/h6>\n<p>El d\u00eda 25 de marzo de 2014, d\u00eda de la Encarnaci\u00f3n, y dentro de las Fiestas que se est\u00e1n celebrando en honor de la Virgen en el municipio de Har\u00eda, se expuso en el Centro Sociocultural La Tegala una muy bonita exposici\u00f3n fotogr\u00e1fica de unas veinte fotos, de las cuarenta que completan esta colecci\u00f3n, cuyo autor es nuestro amigo hariano, Don Javier Reyes Acu\u00f1a, cuyas fotos ya pueden catalogarse dentro de la Historia de Har\u00eda, que se puede ver hasta el d\u00eda 30 de abril, y que se corresponden con los detalles de c\u00f3mo era antes el antiguo edificio de la Iglesia, y luego de su deterioro y de los momentos en que se iba tirando o derribando el antiguo Templo Parroquial de Nuestra Se\u00f1ora de la Encarnaci\u00f3n, en el a\u00f1o de 1963.<\/p>\n<p>&nbsp;<\/p>\n<p>En dichas im\u00e1genes se perciben los detalles de c\u00f3mo era la antigua Iglesia, con sus naves, su coro, su altar mayor, su p\u00falpito, su sacrist\u00eda, su cementerio que daba a la Calle Fajardo y los detalles del derribo, el cual fue llevado a cabo por Don Santiago Hern\u00e1ndez, de Teguise, que tuvo que acoplar maquinarias para tirar por la obra, por lo fuerte que estaba, siendo alcalde a la saz\u00f3n Don Juan Pablo de Le\u00f3n Guerra, siendo cura p\u00e1- rroco Don Juan Arocha Ayala, fallecido el 9 de junio de 1966, y que luego lo fue su antes coadjutor, Don Enrique Dorta Alfonso, que falleciera en Las Palmas el 13 de septiembre de 1994, con 69 a\u00f1os.<\/p>\n<p>&nbsp;<\/p>\n<p>Se trata del hecho m\u00e1s triste y lastimoso que se encuadra en la historia de Har\u00eda, de muy triste recuerdo, pero no queda m\u00e1s remedio que recordarlo, pues el templo derribado era una verdadera joya y fue copiada de \u00e9l la Iglesia de San Gin\u00e9s de Arrecife, de construcci\u00f3n mucho m\u00e1s reciente.<\/p>\n<p>&nbsp;<\/p>\n<p>Este triste episodio nace de un fuerte temporal de lluvia y viento que se present\u00f3 en Har\u00eda el d\u00eda 22 de febrero de 1956, afectando en primer lugar al techo de la nave central, que empez\u00f3 a resquebrajarse y caer trozos al interior, y hubo de ser abandonada por ello, cuando estaba de alcalde Don Mariano L\u00f3pez Socas, el cual adem\u00e1s fue diputado a Cortes y se desplaz\u00f3 a Madrid con el cura coadjutor, Don Enrique Dorta Alfonso, y con la ayuda del gobernador civil, Don Jos\u00e9 Garc\u00eda Hern\u00e1ndez, siendo cura p\u00e1rroco Don Juan Arocha Ayala, y se fueron a la Direcci\u00f3n General de Regiones Devastadas a pedir ayuda, y se consigui\u00f3 una subvenci\u00f3n de dos millones y medio de pesetas para su reconstrucci\u00f3n, y no cab\u00edan remiendos, sino su reconstrucci\u00f3n total, y as\u00ed se llev\u00f3 a cabo este desgraciado hecho, y al fin un sacrilegio.<\/p>\n<p>&nbsp;<\/p>\n<p>Pero aparte de esta gran colecci\u00f3n de fotos de Don Javier Reyes Acu\u00f1a, tambi\u00e9n se halla en la exposici\u00f3n una preciosa maqueta elaborada por el artista afincado en Har\u00eda, Don Ram\u00f3n Alfonso Hern\u00e1ndez, donde se recoge no solo el antiguo Templo Parroquial en miniatura, sino que adem\u00e1s, se coge un encuadre inmediato de la Plaza de Har\u00eda, que sin duda, representan otra maravilla para el recuerdo de la Historia de Har\u00eda.<\/p>\n<p>&nbsp;<\/p>\n<p>Don Javier Reyes Acu\u00f1a tuvo la buena y sana intenci\u00f3n de ir siguiendo los pasos del deterioro del precioso Templo de Har\u00eda, y ahora se transmite por \u00e9l mismo como patrimonio a la isla de Lanzarote y al devenir de la historia de Har\u00eda, desde un archivo fotogr\u00e1fico que conserva y que se considera el m\u00e1s importante de la isla de Lanzarote.<\/p>\n<p>&nbsp;<\/p>\n<p>Con la obra de estos dos artistas debemos regocijarnos de estos valiosos trabajos.<\/p>\n","protected":false},"excerpt":{"rendered":"<p>Por Gregorio Barreto Vi\u00f1oly &nbsp; &nbsp; \u00a0Exposici\u00f3n fotogr\u00e1fica de Javier Reyes sobre el derribo de la Iglesia El d\u00eda 25 de marzo de 2014, d\u00eda de la Encarnaci\u00f3n, y dentro de las Fiestas que se est\u00e1n celebrando en honor de la Virgen en el municipio de Har\u00eda, se expuso en el Centro Sociocultural La Tegala [&hellip;]<\/p>\n","protected":false},"author":8,"featured_media":0,"comment_status":"closed","ping_status":"closed","sticky":false,"template":"","format":"standard","meta":{"footnotes":""},"categories":[118,11],"tags":[],"class_list":["post-9541","post","type-post","status-publish","format-standard","hentry","category-el-mirador-de-guatifay","category-hoja-de-haria"],"_links":{"self":[{"href":"https:\/\/www.ayuntamientodeharia.com\/haria\/wp-json\/wp\/v2\/posts\/9541","targetHints":{"allow":["GET"]}}],"collection":[{"href":"https:\/\/www.ayuntamientodeharia.com\/haria\/wp-json\/wp\/v2\/posts"}],"about":[{"href":"https:\/\/www.ayuntamientodeharia.com\/haria\/wp-json\/wp\/v2\/types\/post"}],"author":[{"embeddable":true,"href":"https:\/\/www.ayuntamientodeharia.com\/haria\/wp-json\/wp\/v2\/users\/8"}],"replies":[{"embeddable":true,"href":"https:\/\/www.ayuntamientodeharia.com\/haria\/wp-json\/wp\/v2\/comments?post=9541"}],"version-history":[{"count":1,"href":"https:\/\/www.ayuntamientodeharia.com\/haria\/wp-json\/wp\/v2\/posts\/9541\/revisions"}],"predecessor-version":[{"id":9542,"href":"https:\/\/www.ayuntamientodeharia.com\/haria\/wp-json\/wp\/v2\/posts\/9541\/revisions\/9542"}],"wp:attachment":[{"href":"https:\/\/www.ayuntamientodeharia.com\/haria\/wp-json\/wp\/v2\/media?parent=9541"}],"wp:term":[{"taxonomy":"category","embeddable":true,"href":"https:\/\/www.ayuntamientodeharia.com\/haria\/wp-json\/wp\/v2\/categories?post=9541"},{"taxonomy":"post_tag","embeddable":true,"href":"https:\/\/www.ayuntamientodeharia.com\/haria\/wp-json\/wp\/v2\/tags?post=9541"}],"curies":[{"name":"wp","href":"https:\/\/api.w.org\/{rel}","templated":true}]}}