{"id":9411,"date":"2017-06-07T12:49:19","date_gmt":"2017-06-07T12:49:19","guid":{"rendered":"http:\/\/www.ayuntamientodeharia.com\/haria\/?p=9411"},"modified":"2017-06-09T12:02:30","modified_gmt":"2017-06-09T12:02:30","slug":"la-policia-local-de-haria-se-incorpora-al-sistema-de-seguimiento-integral-de-los-casos-de-violencia-de-genero","status":"publish","type":"post","link":"https:\/\/www.ayuntamientodeharia.com\/haria\/la-policia-local-de-haria-se-incorpora-al-sistema-de-seguimiento-integral-de-los-casos-de-violencia-de-genero\/","title":{"rendered":"La Polic\u00eda Local de Har\u00eda se incorpora al Sistema de Seguimiento Integral de los Casos de Violencia de G\u00e9nero"},"content":{"rendered":"<p>El alcalde de Har\u00eda, Marci Acu\u00f1a, y el secretario de Estado de Seguridad del Ministerio del Interior, Jos\u00e9 Antonio Nieto, firmaron este martes, 6 de junio, un acuerdo de colaboraci\u00f3n para la incorporaci\u00f3n de la Polic\u00eda Local del municipio al Sistema de Seguimiento Integral de los Casos de Violencia de G\u00e9nero.<\/p>\n<p><!--more--><\/p>\n<p>&nbsp;<\/p>\n<p>Dada la gravedad y persistencia de las infracciones penales cometidas en el \u00e1mbito familiar, y m\u00e1s concretamente en el de la violencia de g\u00e9nero, se hace necesario profundizar en las medidas de protecci\u00f3n a las v\u00edctimas, a trav\u00e9s de una adecuada coordinaci\u00f3n de las actuaciones entre administraciones, con el fin de prevenir y evitar riesgos de nuevas agresiones.<\/p>\n<p>&nbsp;<\/p>\n<p>Es por ello que resulta fundamental disponer de un registro con la informaci\u00f3n que permita realizar un seguimiento individualizado de las circunstancias de las v\u00edctimas y de la evoluci\u00f3n del riesgo en que se encuentren.<\/p>\n<p>&nbsp;<\/p>\n<p>El Ministerio del Interior ha desarrollado una aplicaci\u00f3n inform\u00e1tica que da soporte al Sistema de Seguimiento Integral de los casos de Violencia de G\u00e9nero, y que constituye un instrumento b\u00e1sico para:<\/p>\n<p>&nbsp;<\/p>\n<ul>\n<li>Integrar la informaci\u00f3n policial, judicial y penitenciaria sobre dicho fen\u00f3meno y sus circunstancias, que posibilite y garantice el necesario seguimiento y coordinaci\u00f3n de las actuaciones puestas en marcha para la protecci\u00f3n de las v\u00edctimas.<\/li>\n<li>Realizar la valoraci\u00f3n del nivel de riesgo de nuevas agresiones, para graduar las respuestas y las medidas policiales de protecci\u00f3n.<\/li>\n<li>Proporcionar esta informaci\u00f3n a los diversos operadores que intervienen en la protecci\u00f3n institucional.<\/li>\n<\/ul>\n","protected":false},"excerpt":{"rendered":"<p>El alcalde de Har\u00eda, Marci Acu\u00f1a, y el secretario de Estado de Seguridad del Ministerio del Interior, Jos\u00e9 Antonio Nieto, firmaron este martes, 6 de junio, un acuerdo de colaboraci\u00f3n para la incorporaci\u00f3n de la Polic\u00eda Local del municipio al Sistema de Seguimiento Integral de los Casos de Violencia de G\u00e9nero.<\/p>\n","protected":false},"author":7,"featured_media":9412,"comment_status":"closed","ping_status":"closed","sticky":false,"template":"","format":"standard","meta":{"footnotes":""},"categories":[11,89,77],"tags":[],"class_list":["post-9411","post","type-post","status-publish","format-standard","has-post-thumbnail","hentry","category-hoja-de-haria","category-policia-local","category-servicios-sociales"],"_links":{"self":[{"href":"https:\/\/www.ayuntamientodeharia.com\/haria\/wp-json\/wp\/v2\/posts\/9411","targetHints":{"allow":["GET"]}}],"collection":[{"href":"https:\/\/www.ayuntamientodeharia.com\/haria\/wp-json\/wp\/v2\/posts"}],"about":[{"href":"https:\/\/www.ayuntamientodeharia.com\/haria\/wp-json\/wp\/v2\/types\/post"}],"author":[{"embeddable":true,"href":"https:\/\/www.ayuntamientodeharia.com\/haria\/wp-json\/wp\/v2\/users\/7"}],"replies":[{"embeddable":true,"href":"https:\/\/www.ayuntamientodeharia.com\/haria\/wp-json\/wp\/v2\/comments?post=9411"}],"version-history":[{"count":1,"href":"https:\/\/www.ayuntamientodeharia.com\/haria\/wp-json\/wp\/v2\/posts\/9411\/revisions"}],"predecessor-version":[{"id":9413,"href":"https:\/\/www.ayuntamientodeharia.com\/haria\/wp-json\/wp\/v2\/posts\/9411\/revisions\/9413"}],"wp:featuredmedia":[{"embeddable":true,"href":"https:\/\/www.ayuntamientodeharia.com\/haria\/wp-json\/wp\/v2\/media\/9412"}],"wp:attachment":[{"href":"https:\/\/www.ayuntamientodeharia.com\/haria\/wp-json\/wp\/v2\/media?parent=9411"}],"wp:term":[{"taxonomy":"category","embeddable":true,"href":"https:\/\/www.ayuntamientodeharia.com\/haria\/wp-json\/wp\/v2\/categories?post=9411"},{"taxonomy":"post_tag","embeddable":true,"href":"https:\/\/www.ayuntamientodeharia.com\/haria\/wp-json\/wp\/v2\/tags?post=9411"}],"curies":[{"name":"wp","href":"https:\/\/api.w.org\/{rel}","templated":true}]}}