{"id":9405,"date":"2017-06-07T11:08:48","date_gmt":"2017-06-07T11:08:48","guid":{"rendered":"http:\/\/www.ayuntamientodeharia.com\/haria\/?p=9405"},"modified":"2017-06-09T08:34:21","modified_gmt":"2017-06-09T08:34:21","slug":"los-mayores-del-municipio-pueden-solicitar-la-acreditacion-del-imserso-para-participar-en-el-programa-de-viajes-3","status":"publish","type":"post","link":"https:\/\/www.ayuntamientodeharia.com\/haria\/los-mayores-del-municipio-pueden-solicitar-la-acreditacion-del-imserso-para-participar-en-el-programa-de-viajes-3\/","title":{"rendered":"Los mayores del municipio pueden solicitar la acreditaci\u00f3n del Imserso para participar en el programa de viajes"},"content":{"rendered":"<p>La Concejal\u00eda de Servicios Sociales comunica a los mayores del municipio que no posean la acreditaci\u00f3n del Imserso (Instituto de Mayores y Servicios Sociales) para participar en el programa de Turismo Social durante la temporada 2014-2015 que podr\u00e1n solicitarla, del 5 al 30 de mayo, en el Centro de la Tercera Edad.<\/p>\n<p>&nbsp;<\/p>\n<p>Para acceder a dichas acreditaciones deber\u00e1n ser residentes en el municipio y contar con ingresos iguales o inferiores al salario m\u00ednimo interprofesional, que tengan como m\u00ednimo 65 a\u00f1os cumplidos, sean pensionistas del Sistema P\u00fablico de Pensiones, sean pensionistas de viudedad con edad igual o superior a 55 a\u00f1os o reciban otro tipo de pensi\u00f3n del Sistema P\u00fablico de Pensiones y prejubilados, en ambos casos con 60 a\u00f1os cumplidos. Si el solicitante viaja con su c\u00f3nyuge no es necesario que este re\u00fana los requisitos de edad y pensi\u00f3n. Se admitir\u00e1 adem\u00e1s como acompa\u00f1ante a un hijo o hija con discapacidad igual a superior al 45%, siempre que el viaje lo realice con sus padres y ocupe una cama supletoria, teniendo en cuenta que los hoteles y transportes no son adaptados.<\/p>\n<p>&nbsp;<\/p>\n<p>Para obtener la acreditaci\u00f3n, los mayores deber\u00e1n rellenar la solicitud correspondiente, a la que deber\u00e1n acompa\u00f1ar de una fotocopia del DNI, un certificado de empadronamiento y la carta de revalorizaci\u00f3n de la pensiones del a\u00f1o en vigor.<\/p>\n<p><a href=\"http:\/\/www.ayuntamientodeharia.com\/haria\/wp-content\/uploads\/2017\/06\/0696-viaje.jpg\"><img decoding=\"async\" class=\"alignnone  wp-image-9299\" src=\"http:\/\/www.ayuntamientodeharia.com\/haria\/wp-content\/uploads\/2017\/06\/0696-viaje-300x180.jpg\" alt=\"0696 viaje\" width=\"179\" height=\"110\" \/><\/a><\/p>\n<p>&nbsp;<\/p>\n","protected":false},"excerpt":{"rendered":"<p>La Concejal\u00eda de Servicios Sociales comunica a los mayores del municipio que no posean la acreditaci\u00f3n del Imserso (Instituto de Mayores y Servicios Sociales) para participar en el programa de Turismo Social durante la temporada 2014-2015 que podr\u00e1n solicitarla, del 5 al 30 de mayo, en el Centro de la Tercera Edad. &nbsp; Para acceder [&hellip;]<\/p>\n","protected":false},"author":8,"featured_media":0,"comment_status":"closed","ping_status":"closed","sticky":false,"template":"","format":"standard","meta":{"footnotes":""},"categories":[11,77,61],"tags":[],"class_list":["post-9405","post","type-post","status-publish","format-standard","hentry","category-hoja-de-haria","category-servicios-sociales","category-tercera-edad"],"_links":{"self":[{"href":"https:\/\/www.ayuntamientodeharia.com\/haria\/wp-json\/wp\/v2\/posts\/9405","targetHints":{"allow":["GET"]}}],"collection":[{"href":"https:\/\/www.ayuntamientodeharia.com\/haria\/wp-json\/wp\/v2\/posts"}],"about":[{"href":"https:\/\/www.ayuntamientodeharia.com\/haria\/wp-json\/wp\/v2\/types\/post"}],"author":[{"embeddable":true,"href":"https:\/\/www.ayuntamientodeharia.com\/haria\/wp-json\/wp\/v2\/users\/8"}],"replies":[{"embeddable":true,"href":"https:\/\/www.ayuntamientodeharia.com\/haria\/wp-json\/wp\/v2\/comments?post=9405"}],"version-history":[{"count":3,"href":"https:\/\/www.ayuntamientodeharia.com\/haria\/wp-json\/wp\/v2\/posts\/9405\/revisions"}],"predecessor-version":[{"id":9432,"href":"https:\/\/www.ayuntamientodeharia.com\/haria\/wp-json\/wp\/v2\/posts\/9405\/revisions\/9432"}],"wp:attachment":[{"href":"https:\/\/www.ayuntamientodeharia.com\/haria\/wp-json\/wp\/v2\/media?parent=9405"}],"wp:term":[{"taxonomy":"category","embeddable":true,"href":"https:\/\/www.ayuntamientodeharia.com\/haria\/wp-json\/wp\/v2\/categories?post=9405"},{"taxonomy":"post_tag","embeddable":true,"href":"https:\/\/www.ayuntamientodeharia.com\/haria\/wp-json\/wp\/v2\/tags?post=9405"}],"curies":[{"name":"wp","href":"https:\/\/api.w.org\/{rel}","templated":true}]}}