{"id":9402,"date":"2017-06-07T11:02:44","date_gmt":"2017-06-07T11:02:44","guid":{"rendered":"http:\/\/www.ayuntamientodeharia.com\/haria\/?p=9402"},"modified":"2017-06-07T11:02:44","modified_gmt":"2017-06-07T11:02:44","slug":"viaje-a-fuerteventura-para-visitar-la-xxvii-edicion-de-la-feria-insular-de-artesania","status":"publish","type":"post","link":"https:\/\/www.ayuntamientodeharia.com\/haria\/viaje-a-fuerteventura-para-visitar-la-xxvii-edicion-de-la-feria-insular-de-artesania\/","title":{"rendered":"Viaje a Fuerteventura para visitar la \u2018XXVII Edici\u00f3n de la Feria Insular de Artesan\u00eda\u2019"},"content":{"rendered":"<p>La Asociaci\u00f3n de la Tercera Edad Palmeral del Norte, en colaboraci\u00f3n con la Concejal\u00eda de Servicios Sociales del Ayuntamiento de Har\u00eda, organiza un viaje destinado a los mayores del municipio, del 14 al 16 de mayo, para visitar la \u2018Feria Insular de Artesan\u00eda de Antigua\u2019, en Fuerteventura.<\/p>\n<p>&nbsp;<\/p>\n<p>Los mayores interesados en asistir al viaje deber\u00e1n ser socios, estar al corriente de pago de las cuotas de la asociaci\u00f3n y realizar la inscripci\u00f3n llamando al tel\u00e9fono 928 835 633, debiendo abonar parte o la totalidad del coste del viaje entre el 5 y 6 de mayo.<\/p>\n<p><a href=\"http:\/\/www.ayuntamientodeharia.com\/haria\/wp-content\/uploads\/2017\/06\/0695-artesania.jpg\"><img fetchpriority=\"high\" decoding=\"async\" class=\"alignnone size-medium wp-image-9403\" src=\"http:\/\/www.ayuntamientodeharia.com\/haria\/wp-content\/uploads\/2017\/06\/0695-artesania-300x257.jpg\" alt=\"0695 artesania\" width=\"300\" height=\"257\" srcset=\"https:\/\/www.ayuntamientodeharia.com\/haria\/wp-content\/uploads\/2017\/06\/0695-artesania-300x257.jpg 300w, https:\/\/www.ayuntamientodeharia.com\/haria\/wp-content\/uploads\/2017\/06\/0695-artesania-768x658.jpg 768w, https:\/\/www.ayuntamientodeharia.com\/haria\/wp-content\/uploads\/2017\/06\/0695-artesania-1024x877.jpg 1024w, https:\/\/www.ayuntamientodeharia.com\/haria\/wp-content\/uploads\/2017\/06\/0695-artesania-131x112.jpg 131w, https:\/\/www.ayuntamientodeharia.com\/haria\/wp-content\/uploads\/2017\/06\/0695-artesania.jpg 1248w\" sizes=\"(max-width: 300px) 100vw, 300px\" \/><\/a><\/p>\n<p>&nbsp;<\/p>\n","protected":false},"excerpt":{"rendered":"<p>La Asociaci\u00f3n de la Tercera Edad Palmeral del Norte, en colaboraci\u00f3n con la Concejal\u00eda de Servicios Sociales del Ayuntamiento de Har\u00eda, organiza un viaje destinado a los mayores del municipio, del 14 al 16 de mayo, para visitar la \u2018Feria Insular de Artesan\u00eda de Antigua\u2019, en Fuerteventura. &nbsp; Los mayores interesados en asistir al viaje [&hellip;]<\/p>\n","protected":false},"author":8,"featured_media":0,"comment_status":"closed","ping_status":"closed","sticky":false,"template":"","format":"standard","meta":{"footnotes":""},"categories":[66,11,77,61],"tags":[],"class_list":["post-9402","post","type-post","status-publish","format-standard","hentry","category-artesania","category-hoja-de-haria","category-servicios-sociales","category-tercera-edad"],"_links":{"self":[{"href":"https:\/\/www.ayuntamientodeharia.com\/haria\/wp-json\/wp\/v2\/posts\/9402","targetHints":{"allow":["GET"]}}],"collection":[{"href":"https:\/\/www.ayuntamientodeharia.com\/haria\/wp-json\/wp\/v2\/posts"}],"about":[{"href":"https:\/\/www.ayuntamientodeharia.com\/haria\/wp-json\/wp\/v2\/types\/post"}],"author":[{"embeddable":true,"href":"https:\/\/www.ayuntamientodeharia.com\/haria\/wp-json\/wp\/v2\/users\/8"}],"replies":[{"embeddable":true,"href":"https:\/\/www.ayuntamientodeharia.com\/haria\/wp-json\/wp\/v2\/comments?post=9402"}],"version-history":[{"count":1,"href":"https:\/\/www.ayuntamientodeharia.com\/haria\/wp-json\/wp\/v2\/posts\/9402\/revisions"}],"predecessor-version":[{"id":9404,"href":"https:\/\/www.ayuntamientodeharia.com\/haria\/wp-json\/wp\/v2\/posts\/9402\/revisions\/9404"}],"wp:attachment":[{"href":"https:\/\/www.ayuntamientodeharia.com\/haria\/wp-json\/wp\/v2\/media?parent=9402"}],"wp:term":[{"taxonomy":"category","embeddable":true,"href":"https:\/\/www.ayuntamientodeharia.com\/haria\/wp-json\/wp\/v2\/categories?post=9402"},{"taxonomy":"post_tag","embeddable":true,"href":"https:\/\/www.ayuntamientodeharia.com\/haria\/wp-json\/wp\/v2\/tags?post=9402"}],"curies":[{"name":"wp","href":"https:\/\/api.w.org\/{rel}","templated":true}]}}