{"id":9186,"date":"2017-06-13T08:29:31","date_gmt":"2017-06-13T08:29:31","guid":{"rendered":"http:\/\/www.ayuntamientodeharia.com\/haria\/?p=9186"},"modified":"2017-06-13T08:29:31","modified_gmt":"2017-06-13T08:29:31","slug":"el-mirador-de-guatifay-36","status":"publish","type":"post","link":"https:\/\/www.ayuntamientodeharia.com\/haria\/el-mirador-de-guatifay-36\/","title":{"rendered":"El Mirador de Guatifay"},"content":{"rendered":"<p><a style=\"font-weight: inherit; font-style: inherit; color: #1b8be0;\" href=\"http:\/\/www.ayuntamientodeharia.com\/haria\/wp-content\/uploads\/2016\/01\/gregorio.jpg\"><img decoding=\"async\" class=\"alignleft wp-image-3454\" style=\"font-weight: inherit; font-style: inherit; color: inherit;\" src=\"http:\/\/www.ayuntamientodeharia.com\/haria\/wp-content\/uploads\/2016\/01\/gregorio-246x300.jpg\" alt=\"gregorio\" width=\"114\" height=\"138\" srcset=\"https:\/\/www.ayuntamientodeharia.com\/haria\/wp-content\/uploads\/2016\/01\/gregorio-246x300.jpg 246w, https:\/\/www.ayuntamientodeharia.com\/haria\/wp-content\/uploads\/2016\/01\/gregorio.jpg 249w\" sizes=\"(max-width: 114px) 100vw, 114px\" \/><\/a><\/p>\n<p><strong style=\"font-weight: bold; font-style: inherit; color: inherit;\">Por Gregorio Barreto Vi\u00f1oly<\/strong><\/p>\n<p>&nbsp;<\/p>\n<p>&nbsp;<\/p>\n<h6 style=\"font-weight: inherit;\"><strong>Referencias de los mec\u00e1nicos m\u00e1s antiguos del entorno<\/strong><\/h6>\n<p>Nos vamos a referir en esta ocasi\u00f3n al buen hacer de nuestros mec\u00e1nicos, en especial de los m\u00e1s antiguos, a partir de la aparici\u00f3n de los veh\u00edculos de motor en la Isla, all\u00e1 por el a\u00f1o de 1920, trat\u00e1ndose en realidad de una profesi\u00f3n nueva.<\/p>\n<p>&nbsp;<\/p>\n<p>En los primeros tiempos de la aparici\u00f3n de los coches, los mec\u00e1nicos eran los mismos ch\u00f3feres, ya que ellos iban aprendiendo, por la experiencia, a practicar alguna reparaci\u00f3n sencilla en los veh\u00edculos, y entonces se arreglaban algunos desperfectos mediante la utilizaci\u00f3n de verga o alambre y a veces hasta con hilo o soga, pero eso ya pas\u00f3 a la historia y ahora los coches vienen tan sofisticados, que solo se les puede hacer alguna reparaci\u00f3n con la intervenci\u00f3n de alg\u00fan profesional mec\u00e1nico, porque es muy dif\u00edcil de entenderlos uno que no sea mec\u00e1nico, y as\u00ed y todos vienen con sus claves.<\/p>\n<p>&nbsp;<\/p>\n<p>El mec\u00e1nico m\u00e1s antiguo que ejerci\u00f3 como tal en el municipio de Har\u00eda fue Don Ferm\u00edn Santana L\u00f3pez, proveniente de Las Palmas, que se situ\u00f3 a principios de los a\u00f1os de 1930 en Lanzarote, casando en M\u00e1guez en primeras nupcias con Do\u00f1a Catalina Borges Dorta y en segundas con Do\u00f1a Amelia Torres Betancor. Fue conocido por Maestro Ferm\u00edn, y la verdad es que adem\u00e1s de haber sido el mejor mec\u00e1nico del entorno, fue tambi\u00e9n maestro de mec\u00e1nicos, ya que ense\u00f1\u00f3 a varios j\u00f3venes de Har\u00eda.<\/p>\n<p>&nbsp;<\/p>\n<p>Tambi\u00e9n fue un buen mec\u00e1nico, y de los m\u00e1s antiguos, Don Narciso Bonilla Delgado, que vino a Har\u00eda a principios de los a\u00f1os de 1940 como soldado en el Batall\u00f3n, como maestro armero, casando con Manuela Mesa Bonilla, y se situ\u00f3 contiguo a la Plaza de Har\u00eda, hoy Centro Social La Tegala, conocido por Maestro Narciso.<\/p>\n<p>&nbsp;<\/p>\n<p>Ya, posteriormente, uno de los grandes mec\u00e1nicos de Har\u00eda, situado en M\u00e1guez, fue Marcial Barreto Vi\u00f1oly, disc\u00edpulo de Maestro Ferm\u00edn, como tambi\u00e9n lo fue Marciano Acu\u00f1a Brito, que se dedic\u00f3 luego m\u00e1s bien a herrer\u00eda y fontaner\u00eda. Y tambi\u00e9n lo fue Rafael Perdomo Le\u00f3n, que casara y pronto se fuera para Venezuela.<\/p>\n<p>&nbsp;<\/p>\n<p>Otro buen mec\u00e1nico y ch\u00f3fer fue Andr\u00e9s Arr\u00e1ez Callero, que adem\u00e1s fue hasta relojero. Tambi\u00e9n fue mec\u00e1nico su hijo Andr\u00e9s Arr\u00e1ez Castro.<\/p>\n<p>&nbsp;<\/p>\n<p>Hay otros que fueron herreros, como Eduardo Villalba Fontes, Art\u00edstides Bonilla Gonz\u00e1lez, Antonio Garc\u00eda Betancor y Alexis Garc\u00eda Betancor, y latoneros como Domingo Gonz\u00e1lez y Tom\u00e1s Gonz\u00e1lez Cruz, Eligio Hern\u00e1ndez Vega, Antonio Hern\u00e1ndez Vi\u00f1oly, Gilberto Perdomo Camejo o Wilfredo Vargas. Y enla\u00f1ador Enrique Miralles Domenech.<\/p>\n<p>&nbsp;<\/p>\n<p>Adem\u00e1s hubo varios mec\u00e1nicos m\u00e1s en el municipio de Har\u00eda, pero ubicados en Har\u00eda haremos referencia a Alfredo de Le\u00f3n Robayna y Manuel Zerpa Torres, aparte de otros ubicados en diversos lugares, como Francisco Villalba de Le\u00f3n, Francisco Villalba Niz, Juan Morales Perdomo, Jos\u00e9 A. Morales Perdomo, Andr\u00e9s Morales Meli\u00e1n, Marcial Ram\u00edrez Barreto, en Arrecife, Antonio Mat\u00edas Perdomo Torres, Andr\u00e9s Brito Betancor, Rafael Mesa Callero, Rafael Ram\u00edrez Perdomo, Jos\u00e9 Ram\u00edrez Perdomo, Vicente Betancor Caraballo, \u00c1ngel Mesa Su\u00e1rez, Manuel Fern\u00e1ndez Mart\u00edn, Gerardo Niz Zerpa, Antonio Niz Hern\u00e1ndez, Jos\u00e9 Manuel Niz Hern\u00e1ndez, V\u00edctor Hern\u00e1ndez Peraza, V\u00edctor Luzardo Hern\u00e1ndez, Domingo Torres Curbelo y otros no identificados.<\/p>\n","protected":false},"excerpt":{"rendered":"<p>Por Gregorio Barreto Vi\u00f1oly &nbsp; &nbsp; Referencias de los mec\u00e1nicos m\u00e1s antiguos del entorno Nos vamos a referir en esta ocasi\u00f3n al buen hacer de nuestros mec\u00e1nicos, en especial de los m\u00e1s antiguos, a partir de la aparici\u00f3n de los veh\u00edculos de motor en la Isla, all\u00e1 por el a\u00f1o de 1920, trat\u00e1ndose en realidad [&hellip;]<\/p>\n","protected":false},"author":8,"featured_media":0,"comment_status":"closed","ping_status":"closed","sticky":false,"template":"","format":"standard","meta":{"footnotes":""},"categories":[118,11],"tags":[],"class_list":["post-9186","post","type-post","status-publish","format-standard","hentry","category-el-mirador-de-guatifay","category-hoja-de-haria"],"_links":{"self":[{"href":"https:\/\/www.ayuntamientodeharia.com\/haria\/wp-json\/wp\/v2\/posts\/9186","targetHints":{"allow":["GET"]}}],"collection":[{"href":"https:\/\/www.ayuntamientodeharia.com\/haria\/wp-json\/wp\/v2\/posts"}],"about":[{"href":"https:\/\/www.ayuntamientodeharia.com\/haria\/wp-json\/wp\/v2\/types\/post"}],"author":[{"embeddable":true,"href":"https:\/\/www.ayuntamientodeharia.com\/haria\/wp-json\/wp\/v2\/users\/8"}],"replies":[{"embeddable":true,"href":"https:\/\/www.ayuntamientodeharia.com\/haria\/wp-json\/wp\/v2\/comments?post=9186"}],"version-history":[{"count":2,"href":"https:\/\/www.ayuntamientodeharia.com\/haria\/wp-json\/wp\/v2\/posts\/9186\/revisions"}],"predecessor-version":[{"id":9503,"href":"https:\/\/www.ayuntamientodeharia.com\/haria\/wp-json\/wp\/v2\/posts\/9186\/revisions\/9503"}],"wp:attachment":[{"href":"https:\/\/www.ayuntamientodeharia.com\/haria\/wp-json\/wp\/v2\/media?parent=9186"}],"wp:term":[{"taxonomy":"category","embeddable":true,"href":"https:\/\/www.ayuntamientodeharia.com\/haria\/wp-json\/wp\/v2\/categories?post=9186"},{"taxonomy":"post_tag","embeddable":true,"href":"https:\/\/www.ayuntamientodeharia.com\/haria\/wp-json\/wp\/v2\/tags?post=9186"}],"curies":[{"name":"wp","href":"https:\/\/api.w.org\/{rel}","templated":true}]}}