{"id":8902,"date":"2017-05-05T14:56:58","date_gmt":"2017-05-05T14:56:58","guid":{"rendered":"http:\/\/www.ayuntamientodeharia.com\/haria\/?p=8902"},"modified":"2017-05-05T14:56:58","modified_gmt":"2017-05-05T14:56:58","slug":"balcon-de-haria-58","status":"publish","type":"post","link":"https:\/\/www.ayuntamientodeharia.com\/haria\/balcon-de-haria-58\/","title":{"rendered":"Balc\u00f3n de Har\u00eda"},"content":{"rendered":"<p><strong><a href=\"http:\/\/www.ayuntamientodeharia.com\/haria\/wp-content\/uploads\/2016\/01\/gregorio.jpg\"><img decoding=\"async\" class=\"alignleft size-thumbnail wp-image-3454\" src=\"http:\/\/www.ayuntamientodeharia.com\/haria\/wp-content\/uploads\/2016\/01\/gregorio-150x150.jpg\" alt=\"gregorio\" width=\"150\" height=\"150\" \/><\/a>Por Gregorio Barreto Vi\u00f1oly.\u00a0<\/strong><strong>Cronista oficial del municipio de Har\u00eda<\/strong><\/p>\n<p>&nbsp;<\/p>\n<p><strong>Celebraci\u00f3n de las \u2018XII Jornadas C\u00e9sarmanrique\u00f1as\u2019 en Lanzarote<\/strong><\/p>\n<p><!--more--><\/p>\n<p>&nbsp;<\/p>\n<p>Se han celebrado las \u2018XII Jornadas C\u00e9sarmanrique\u00f1as\u2019, con actos en la isla de Gran Canaria, el d\u00eda 24 de este mes, a cargo del profesor Don Crist\u00f3bal Garc\u00eda del Rosario y, en especial, en la isla de Lanzarote, los d\u00edas 26, 27, 28 y 29, que se indicar\u00e1n a continuaci\u00f3n, coincidiendo con el 25 aniversario de la tr\u00e1gica muerte del artista Don C\u00e9sar Manrique Cabrera, que falleci\u00f3 en accidente en la Carretera de Tah\u00edche, en 1.992, todo ello bajo la presidencia de Don Francisco Gonz\u00e1lez de Posada, siendo secretaria Do\u00f1a Dominga Trujillo Jacinto del Castillo, dentro de la Academia de Ciencias, Ingenier\u00edas y Humanidades de Lanzarote, jornadas que se vienen celebrando todos los a\u00f1os en la isla de Lanzarote y alguna otra, en honor del artista lanzarote\u00f1o.<\/p>\n<p>&nbsp;<\/p>\n<p>D\u00eda 26 de abril, en el Hotel Lancelot, celebraci\u00f3n de acto solemne de toma de posesi\u00f3n como acad\u00e9mico numerario de esta asociaci\u00f3n, del que ya lo fuera acad\u00e9mico correspondiente, de Don Luis D\u00edaz Feria, arquitecto, con discurso de ingreso de la \u2018Teor\u00eda de Arrecife\u2019. Es hijo del hombre que trajo el agua potabilizada, Don Manuel D\u00edaz Rijo.<\/p>\n<p>&nbsp;<\/p>\n<p>D\u00eda 27 de abril, conferencia del acad\u00e9mico numerario Don Crist\u00f3bal Garc\u00eda del Rosario, catedr\u00e1tico de Geograf\u00eda e Historia, miembro que ha sido de la Escuela Luj\u00e1n P\u00e9rez y de la Real Sociedad Econ\u00f3mica de Amigos del Pa\u00eds de Gran Canaria, aparte de haber sido tambi\u00e9n vicepresidente del Museo Canario y de la Universidad, y habiendo sido tambi\u00e9n director general de Personal Educativo del Gobierno de Canarias, titulada \u2018Pancho Lasso y C\u00e9sar Manrique: Maestros Canarios del Arte, del siglo XX\u2019.<\/p>\n<p>&nbsp;<\/p>\n<p>D\u00eda 28 de abril, a la una del mediod\u00eda, tuvo lugar una ofrenda floral en el cementerio de Har\u00eda, en honor del artista fallecido, al pie de su tumba, donde se nota que el cipr\u00e9s ha crecido, pronunciando unas palabras Don Francisco Gonz\u00e1lez de Posada, presidente de la Academia, enalteciendo la figura del artista fallecido y luego tambi\u00e9n tom\u00f3 la palabra el acad\u00e9mico numerario Don Crist\u00f3bal Garc\u00eda del Rosario, ensalzando la figura de Don C\u00e9sar y dijo que este artista ha sido el que m\u00e1s mundo ha recorrido, dejando ver su aprecio y alabanza como algo grande, y le relacion\u00f3 con el tambi\u00e9n artista de su pueblo, Agaete, Don Pepe D\u00e1maso, donde se celebra la Fiesta de la Rama, y done la tempestad se llev\u00f3 hace unos pocos a\u00f1os, el llamado Dedo de Dios, y que es algo irrecuperable.<\/p>\n<p>&nbsp;<\/p>\n<p>Dicho d\u00eda, a las seis de la tarde, un grupo de personas de la Academia se desplaz\u00f3 al Lugar de Los Aljibes, de Tah\u00edche, donde la alemana y acad\u00e9mica correspondiente, Bettina Bork, recibi\u00f3 a los asistentes con un discurso de bienvenida, alabando la figura del artista fallecido y donde tambi\u00e9n la pintora alemana Siedda present\u00f3 una exposici\u00f3n de pinturas, con unos 15 cuadros, amante de pintar animales dom\u00e9sticos y en especial la cabra, ofreciendo un discurso en torno a su estancia de hace unos dos a\u00f1os.<\/p>\n<p>&nbsp;<\/p>\n<p>El mismo d\u00eda 28, a las 8:30, de la tarde, en el Real Club N\u00e1utico, hubo un acto solemne de toma de posesi\u00f3n como acad\u00e9mico numerario, de Don Antonio Javier Mesa Fort\u00edn, ingeniero aeron\u00e1utico, con el discurso de ingreso titulado \u2018Sistemas Cr\u00edticos en Aeronaves no tripuladas: Un ejemplo de Optimizaci\u00f3n y Trabajo en Equipo\u2019, resultando muy interesante.<\/p>\n","protected":false},"excerpt":{"rendered":"<p>Por Gregorio Barreto Vi\u00f1oly.\u00a0Cronista oficial del municipio de Har\u00eda &nbsp; Celebraci\u00f3n de las \u2018XII Jornadas C\u00e9sarmanrique\u00f1as\u2019 en Lanzarote<\/p>\n","protected":false},"author":7,"featured_media":0,"comment_status":"closed","ping_status":"closed","sticky":false,"template":"","format":"standard","meta":{"footnotes":""},"categories":[94,11],"tags":[],"class_list":["post-8902","post","type-post","status-publish","format-standard","hentry","category-balcon-de-haria","category-hoja-de-haria"],"_links":{"self":[{"href":"https:\/\/www.ayuntamientodeharia.com\/haria\/wp-json\/wp\/v2\/posts\/8902","targetHints":{"allow":["GET"]}}],"collection":[{"href":"https:\/\/www.ayuntamientodeharia.com\/haria\/wp-json\/wp\/v2\/posts"}],"about":[{"href":"https:\/\/www.ayuntamientodeharia.com\/haria\/wp-json\/wp\/v2\/types\/post"}],"author":[{"embeddable":true,"href":"https:\/\/www.ayuntamientodeharia.com\/haria\/wp-json\/wp\/v2\/users\/7"}],"replies":[{"embeddable":true,"href":"https:\/\/www.ayuntamientodeharia.com\/haria\/wp-json\/wp\/v2\/comments?post=8902"}],"version-history":[{"count":1,"href":"https:\/\/www.ayuntamientodeharia.com\/haria\/wp-json\/wp\/v2\/posts\/8902\/revisions"}],"predecessor-version":[{"id":8903,"href":"https:\/\/www.ayuntamientodeharia.com\/haria\/wp-json\/wp\/v2\/posts\/8902\/revisions\/8903"}],"wp:attachment":[{"href":"https:\/\/www.ayuntamientodeharia.com\/haria\/wp-json\/wp\/v2\/media?parent=8902"}],"wp:term":[{"taxonomy":"category","embeddable":true,"href":"https:\/\/www.ayuntamientodeharia.com\/haria\/wp-json\/wp\/v2\/categories?post=8902"},{"taxonomy":"post_tag","embeddable":true,"href":"https:\/\/www.ayuntamientodeharia.com\/haria\/wp-json\/wp\/v2\/tags?post=8902"}],"curies":[{"name":"wp","href":"https:\/\/api.w.org\/{rel}","templated":true}]}}