{"id":8782,"date":"2017-04-27T22:55:19","date_gmt":"2017-04-27T22:55:19","guid":{"rendered":"http:\/\/www.ayuntamientodeharia.com\/haria\/?p=8782"},"modified":"2017-04-27T22:56:39","modified_gmt":"2017-04-27T22:56:39","slug":"balcon-de-haria-57","status":"publish","type":"post","link":"https:\/\/www.ayuntamientodeharia.com\/haria\/balcon-de-haria-57\/","title":{"rendered":"Balc\u00f3n de Har\u00eda"},"content":{"rendered":"<p><a href=\"http:\/\/www.ayuntamientodeharia.com\/haria\/wp-content\/uploads\/2016\/01\/gregorio.jpg\"><img decoding=\"async\" class=\"alignleft wp-image-3454 size-thumbnail\" src=\"http:\/\/www.ayuntamientodeharia.com\/haria\/wp-content\/uploads\/2016\/01\/gregorio-150x150.jpg\" alt=\"gregorio\" width=\"150\" height=\"150\" \/><\/a><\/p>\n<p><strong>Cronista oficial del municipio de Har\u00eda<\/strong><\/p>\n<p>&nbsp;<\/p>\n<p><strong>Presentado el libro \u2018Prehistoria de Lanzarote\u2019, de Agust\u00edn Pallar\u00e9s Padilla<\/strong><\/p>\n<p><!--more--><\/p>\n<p>&nbsp;<\/p>\n<p>El d\u00eda 20 de abril fue presentado en el Sal\u00f3n de Actos del Archivo Municipal de Arrecife el libro denominado \u2018Prehistoria de Lanzarote\u2019, de Agust\u00edn Pallar\u00e9s Padilla, con 200 p\u00e1ginas, ante una buena asistencia de p\u00fablico.<\/p>\n<p>&nbsp;<\/p>\n<p>Don Agust\u00edn Pallar\u00e9s ha contado con el patrocinio del Cabildo Insular de Lanzarote y del Ayuntamiento de Arrecife, y con las colaboraciones de Rub\u00e9n Acosta, Nona Perera, Mario Ferrer e incluso del catedr\u00e1tico Don Antonio Tejera Gaspar, que prolog\u00f3 la obra.<\/p>\n<p>&nbsp;<\/p>\n<p>Sin duda alguna, Don Agust\u00edn Pallar\u00e9s Padilla es una de las personas m\u00e1s preparadas para editar un libro sobre la dif\u00edcil y responsable tarea de meterse en la Prehistoria de Lanzarote, pero que es un deber el que personas que se hallen documentadas sobre estos temas se lancen a hacer una publicaci\u00f3n de este tipo por el alcance y relieve que conlleva.<\/p>\n<p>&nbsp;<\/p>\n<p>Don Agust\u00edn Pallar\u00e9s ha sido un profesional farero o torrero, ubicado especialmente en la isla de Alegranza, pero ha sido un gran aficionado, de siempre, sobre la escritura y la investigaci\u00f3n hist\u00f3rica y topon\u00edmica de la isla de Lanzarote, y de hecho tiene editado un libro sobre la isla de Alegranza, otro sobre la toponimia de Lanzarote y este que se acaba de editar, y aparte fue de los primeros colaboradores del Semanario Lancelot, aparte de colaboraciones con otros peri\u00f3dicos, ha sido gu\u00eda tur\u00edstico y le ha gustado llegar a lo m\u00e1s alto de las monta\u00f1as.<\/p>\n<p>&nbsp;<\/p>\n<p>Don Agust\u00edn Pallar\u00e9s es acad\u00e9mico numerario de la Academia de Ciencias e Ingenier\u00edas y Humanidades de Lanzarote, adem\u00e1s de Memorialista por Cronistas Oficiales, en noviembre de 2015, y declarado recientemente como Hijo Adoptivo de Lanzarote, por el Cabildo Insular, dado que \u00e9l es de ascendencia majorera.<\/p>\n<p>&nbsp;<\/p>\n<p>En la presentaci\u00f3n del libro se hallaban en la mesa presidencial su autor Don Agust\u00edn Pallar\u00e9s Padilla, Do\u00f1a Nona Perera y Don Mario Ferrer Pe\u00f1ate, agradeciendo Don Mario la afluencia y colaboraci\u00f3n de los asistentes, y luego Do\u00f1a Nona Perera hizo unas referencias de halago hacia la persona del autor, alabando su trabajo y su decisi\u00f3n, haciendo menci\u00f3n a la figura del catedr\u00e1tico Don Antonio Tejera Gaspar, que tambi\u00e9n colabora y prologa el libro, y luego tom\u00f3 la palabra su autor para referirse a diversos aspectos relacionados en el libro, y se refiere a la procedencia de la poblaci\u00f3n guanche, de procedencia berberisca o del norte africano, y se hace un poco m\u00e1s complicado el llegarlo a decidir como definitivo, porque de las costumbres nuestras, como la momificaci\u00f3n, no existen referencias en dichos lugares.<\/p>\n<p>&nbsp;<\/p>\n<p>Se refiri\u00f3 a la momificaci\u00f3n de los muertos y dijo que la hubo en todas las islas del archipi\u00e9lago, y que naturalmente tambi\u00e9n la hubo en Lanzarote. Hizo referencias a una publicaci\u00f3n que present\u00f3 en 1975, y que luego repiti\u00f3 en 1995, referida a las erupciones del Volc\u00e1n de Timanfaya, con buena acogida del Museo Canario.<\/p>\n<p>&nbsp;<\/p>\n<p>Se\u00f1al\u00f3 que parece raro que en el antiguo nombre de Lanzarote, Titerog\u00e1kar, aparece la letra K. No reconoce el nombre del \u00faltimo Rey Guanche como Guadarf\u00eda, sino como Guardaf\u00eda. Hace muchas referencias a un derivado lenguaje que dice guanche, de dif\u00edcil definici\u00f3n, pero que cita a la palabra magua, Tiagua, Goime, y tantas que dice tiene unos 240 t\u00e9rminos.<\/p>\n<p>&nbsp;<\/p>\n<p>Destac\u00f3 tambi\u00e9n los trabajos de cer\u00e1mica de los guanches, como algo muy cotidiano y muy \u00fatil, y afirm\u00f3 que la religi\u00f3n de los guanches era monote\u00edsta y que adoraban al sol y utilizaban las hierbas para medicinas.<\/p>\n<p>&nbsp;<\/p>\n<p>Se le pregunt\u00f3 por la posible existencia de grabados en piedra, o grabaciones l\u00edticas, y dijo que hay pocas referencias concretas de ello. Se refiri\u00f3 al arbusto que conocemos por bobo y que su nombre es tabobo y asever\u00f3 que aparte de este libro, ya tiene otro preparado a punto de publicarse, as\u00ed es que se encuentra con gas para seguir en estas lides.<\/p>\n","protected":false},"excerpt":{"rendered":"<p>Cronista oficial del municipio de Har\u00eda &nbsp; Presentado el libro \u2018Prehistoria de Lanzarote\u2019, de Agust\u00edn Pallar\u00e9s Padilla<\/p>\n","protected":false},"author":7,"featured_media":0,"comment_status":"closed","ping_status":"closed","sticky":false,"template":"","format":"standard","meta":{"footnotes":""},"categories":[94,11],"tags":[],"class_list":["post-8782","post","type-post","status-publish","format-standard","hentry","category-balcon-de-haria","category-hoja-de-haria"],"_links":{"self":[{"href":"https:\/\/www.ayuntamientodeharia.com\/haria\/wp-json\/wp\/v2\/posts\/8782","targetHints":{"allow":["GET"]}}],"collection":[{"href":"https:\/\/www.ayuntamientodeharia.com\/haria\/wp-json\/wp\/v2\/posts"}],"about":[{"href":"https:\/\/www.ayuntamientodeharia.com\/haria\/wp-json\/wp\/v2\/types\/post"}],"author":[{"embeddable":true,"href":"https:\/\/www.ayuntamientodeharia.com\/haria\/wp-json\/wp\/v2\/users\/7"}],"replies":[{"embeddable":true,"href":"https:\/\/www.ayuntamientodeharia.com\/haria\/wp-json\/wp\/v2\/comments?post=8782"}],"version-history":[{"count":4,"href":"https:\/\/www.ayuntamientodeharia.com\/haria\/wp-json\/wp\/v2\/posts\/8782\/revisions"}],"predecessor-version":[{"id":8786,"href":"https:\/\/www.ayuntamientodeharia.com\/haria\/wp-json\/wp\/v2\/posts\/8782\/revisions\/8786"}],"wp:attachment":[{"href":"https:\/\/www.ayuntamientodeharia.com\/haria\/wp-json\/wp\/v2\/media?parent=8782"}],"wp:term":[{"taxonomy":"category","embeddable":true,"href":"https:\/\/www.ayuntamientodeharia.com\/haria\/wp-json\/wp\/v2\/categories?post=8782"},{"taxonomy":"post_tag","embeddable":true,"href":"https:\/\/www.ayuntamientodeharia.com\/haria\/wp-json\/wp\/v2\/tags?post=8782"}],"curies":[{"name":"wp","href":"https:\/\/api.w.org\/{rel}","templated":true}]}}