{"id":8778,"date":"2017-04-27T13:53:48","date_gmt":"2017-04-27T13:53:48","guid":{"rendered":"http:\/\/www.ayuntamientodeharia.com\/haria\/?p=8778"},"modified":"2017-04-27T13:55:13","modified_gmt":"2017-04-27T13:55:13","slug":"el-reconocido-docente-cesar-bona-impartira-una-charla-dentro-de-las-jornadas-educharia","status":"publish","type":"post","link":"https:\/\/www.ayuntamientodeharia.com\/haria\/el-reconocido-docente-cesar-bona-impartira-una-charla-dentro-de-las-jornadas-educharia\/","title":{"rendered":"El reconocido docente C\u00e9sar Bona impartir\u00e1 una charla dentro de las jornadas \u2018EducHar\u00eda\u2019"},"content":{"rendered":"<p><strong><em>El que fuera candidato espa\u00f1ol al &#8216;Nobel&#8217; de los profesores explicar\u00e1 c\u00f3mo la actitud y el comportamiento influyen en la relaci\u00f3n con los dem\u00e1s<\/em><\/strong><\/p>\n<p><strong><em>\u00a0<\/em><\/strong><\/p>\n<p>C\u00e9sar Bona, considerado uno de los mejores docentes del pa\u00eds, impartir\u00e1 Este s\u00e1bado, 29 de abril, una charla sobre c\u00f3mo la actitud y el comportamiento influyen en la relaci\u00f3n con los dem\u00e1s. La charla se realizar\u00e1 al finalizar el paseo \u2018EducHar\u00eda\u2019 en las Cuevas de Ventura-La Atalaya.<\/p>\n<p><!--more--><\/p>\n<p>&nbsp;<\/p>\n<p>Para C\u00e9sar Bona, la clave est\u00e1 en la empat\u00eda, su capacidad para conectar con los alumnos y detectar lo que les falta y lo que puede motivarles. As\u00ed ha sido en todos los colegios en los que ha ejercido la ense\u00f1anza: desde una clase con ni\u00f1os de diez a\u00f1os que no sab\u00edan leer, hasta un colegio rural de seis estudiantes con problemas de cohesi\u00f3n en el aula. Adem\u00e1s de la creatividad, tambi\u00e9n quiere que los escolares desarrollen el esp\u00edritu cr\u00edtico y sepan plantear alternativas.<\/p>\n<p>&nbsp;<\/p>\n<p>Todas estas iniciativas, entre muchas otras, le han convertido en un referente en el \u00e1mbito educativo. Ha participado en el Congreso Mundial por los Derechos de la Infancia, celebrado en M\u00e9xico. Otro reconocimiento importante en su trayectoria profesional ha sido el haber quedado finalista del premio\u00a0\u2018<a href=\"http:\/\/www.globalteacherprize.org\/es\/\">Global Teacher Prize<\/a>\u2019, un galard\u00f3n equivalente al Premio Nobel de los profesores.<\/p>\n<p>&nbsp;<\/p>\n<p>En la actualidad participa activamente como speaker en educaci\u00f3n y creatividad, talento e innovaci\u00f3n en empresas y universidades. Plaza y Jan\u00e9s ha publicado sus libros\u00a0\u2018La nueva educaci\u00f3n\u2019\u00a0(2015) y\u00a0\u2018Las escuelas que cambian el mundo\u2019\u00a0(2016). Desde 2015 trabaja con Aldeas Infantiles y colabora\u00a0con el\u00a0Departamento de Educaci\u00f3n del Gobierno de Arag\u00f3n para darle un vuelco a la metodolog\u00eda que se aplica en los colegios de la regi\u00f3n.<\/p>\n","protected":false},"excerpt":{"rendered":"<p>El que fuera candidato espa\u00f1ol al &#8216;Nobel&#8217; de los profesores explicar\u00e1 c\u00f3mo la actitud y el comportamiento influyen en la relaci\u00f3n con los dem\u00e1s \u00a0 C\u00e9sar Bona, considerado uno de los mejores docentes del pa\u00eds, impartir\u00e1 Este s\u00e1bado, 29 de abril, una charla sobre c\u00f3mo la actitud y el comportamiento influyen en la relaci\u00f3n con [&hellip;]<\/p>\n","protected":false},"author":7,"featured_media":8779,"comment_status":"closed","ping_status":"closed","sticky":false,"template":"","format":"standard","meta":{"footnotes":""},"categories":[19,11,111],"tags":[],"class_list":["post-8778","post","type-post","status-publish","format-standard","has-post-thumbnail","hentry","category-formacion","category-hoja-de-haria","category-participacion-ciudadana"],"_links":{"self":[{"href":"https:\/\/www.ayuntamientodeharia.com\/haria\/wp-json\/wp\/v2\/posts\/8778","targetHints":{"allow":["GET"]}}],"collection":[{"href":"https:\/\/www.ayuntamientodeharia.com\/haria\/wp-json\/wp\/v2\/posts"}],"about":[{"href":"https:\/\/www.ayuntamientodeharia.com\/haria\/wp-json\/wp\/v2\/types\/post"}],"author":[{"embeddable":true,"href":"https:\/\/www.ayuntamientodeharia.com\/haria\/wp-json\/wp\/v2\/users\/7"}],"replies":[{"embeddable":true,"href":"https:\/\/www.ayuntamientodeharia.com\/haria\/wp-json\/wp\/v2\/comments?post=8778"}],"version-history":[{"count":2,"href":"https:\/\/www.ayuntamientodeharia.com\/haria\/wp-json\/wp\/v2\/posts\/8778\/revisions"}],"predecessor-version":[{"id":8781,"href":"https:\/\/www.ayuntamientodeharia.com\/haria\/wp-json\/wp\/v2\/posts\/8778\/revisions\/8781"}],"wp:featuredmedia":[{"embeddable":true,"href":"https:\/\/www.ayuntamientodeharia.com\/haria\/wp-json\/wp\/v2\/media\/8779"}],"wp:attachment":[{"href":"https:\/\/www.ayuntamientodeharia.com\/haria\/wp-json\/wp\/v2\/media?parent=8778"}],"wp:term":[{"taxonomy":"category","embeddable":true,"href":"https:\/\/www.ayuntamientodeharia.com\/haria\/wp-json\/wp\/v2\/categories?post=8778"},{"taxonomy":"post_tag","embeddable":true,"href":"https:\/\/www.ayuntamientodeharia.com\/haria\/wp-json\/wp\/v2\/tags?post=8778"}],"curies":[{"name":"wp","href":"https:\/\/api.w.org\/{rel}","templated":true}]}}