{"id":8768,"date":"2017-04-27T09:16:04","date_gmt":"2017-04-27T09:16:04","guid":{"rendered":"http:\/\/www.ayuntamientodeharia.com\/haria\/?p=8768"},"modified":"2017-04-27T09:16:04","modified_gmt":"2017-04-27T09:16:04","slug":"actuacion-de-pedro-manuel-afonso","status":"publish","type":"post","link":"https:\/\/www.ayuntamientodeharia.com\/haria\/actuacion-de-pedro-manuel-afonso\/","title":{"rendered":"Actuaci\u00f3n de Pedro Manuel Afonso"},"content":{"rendered":"<p>En la Plaza de Har\u00eda, el S\u00e1bado 27 de mayo a las 20:30 horas.<\/p>\n<p><a href=\"http:\/\/www.ayuntamientodeharia.com\/haria\/wp-content\/uploads\/2017\/04\/Pedro-Manuel-Afonso.jpg\"><img fetchpriority=\"high\" decoding=\"async\" class=\"alignleft size-full wp-image-8767\" src=\"http:\/\/www.ayuntamientodeharia.com\/haria\/wp-content\/uploads\/2017\/04\/Pedro-Manuel-Afonso.jpg\" alt=\"Pedro Manuel Afonso\" width=\"1123\" height=\"1602\" srcset=\"https:\/\/www.ayuntamientodeharia.com\/haria\/wp-content\/uploads\/2017\/04\/Pedro-Manuel-Afonso.jpg 1123w, https:\/\/www.ayuntamientodeharia.com\/haria\/wp-content\/uploads\/2017\/04\/Pedro-Manuel-Afonso-210x300.jpg 210w, https:\/\/www.ayuntamientodeharia.com\/haria\/wp-content\/uploads\/2017\/04\/Pedro-Manuel-Afonso-768x1096.jpg 768w, https:\/\/www.ayuntamientodeharia.com\/haria\/wp-content\/uploads\/2017\/04\/Pedro-Manuel-Afonso-718x1024.jpg 718w, https:\/\/www.ayuntamientodeharia.com\/haria\/wp-content\/uploads\/2017\/04\/Pedro-Manuel-Afonso-79x112.jpg 79w\" sizes=\"(max-width: 1123px) 100vw, 1123px\" \/><\/a><\/p>\n","protected":false},"excerpt":{"rendered":"<p>En la Plaza de Har\u00eda, el S\u00e1bado 27 de mayo a las 20:30 horas.<\/p>\n","protected":false},"author":2,"featured_media":0,"comment_status":"closed","ping_status":"closed","sticky":false,"template":"","format":"standard","meta":{"footnotes":""},"categories":[16],"tags":[],"class_list":["post-8768","post","type-post","status-publish","format-standard","hentry","category-cultura"],"_links":{"self":[{"href":"https:\/\/www.ayuntamientodeharia.com\/haria\/wp-json\/wp\/v2\/posts\/8768","targetHints":{"allow":["GET"]}}],"collection":[{"href":"https:\/\/www.ayuntamientodeharia.com\/haria\/wp-json\/wp\/v2\/posts"}],"about":[{"href":"https:\/\/www.ayuntamientodeharia.com\/haria\/wp-json\/wp\/v2\/types\/post"}],"author":[{"embeddable":true,"href":"https:\/\/www.ayuntamientodeharia.com\/haria\/wp-json\/wp\/v2\/users\/2"}],"replies":[{"embeddable":true,"href":"https:\/\/www.ayuntamientodeharia.com\/haria\/wp-json\/wp\/v2\/comments?post=8768"}],"version-history":[{"count":2,"href":"https:\/\/www.ayuntamientodeharia.com\/haria\/wp-json\/wp\/v2\/posts\/8768\/revisions"}],"predecessor-version":[{"id":8771,"href":"https:\/\/www.ayuntamientodeharia.com\/haria\/wp-json\/wp\/v2\/posts\/8768\/revisions\/8771"}],"wp:attachment":[{"href":"https:\/\/www.ayuntamientodeharia.com\/haria\/wp-json\/wp\/v2\/media?parent=8768"}],"wp:term":[{"taxonomy":"category","embeddable":true,"href":"https:\/\/www.ayuntamientodeharia.com\/haria\/wp-json\/wp\/v2\/categories?post=8768"},{"taxonomy":"post_tag","embeddable":true,"href":"https:\/\/www.ayuntamientodeharia.com\/haria\/wp-json\/wp\/v2\/tags?post=8768"}],"curies":[{"name":"wp","href":"https:\/\/api.w.org\/{rel}","templated":true}]}}