{"id":8759,"date":"2017-04-27T07:44:05","date_gmt":"2017-04-27T07:44:05","guid":{"rendered":"http:\/\/www.ayuntamientodeharia.com\/haria\/?p=8759"},"modified":"2017-04-27T07:44:05","modified_gmt":"2017-04-27T07:44:05","slug":"la-antorcha-de-la-concordia-llega-al-municipio-de-haria","status":"publish","type":"post","link":"https:\/\/www.ayuntamientodeharia.com\/haria\/la-antorcha-de-la-concordia-llega-al-municipio-de-haria\/","title":{"rendered":"La Antorcha de la Concordia llega al municipio de Har\u00eda"},"content":{"rendered":"<p>Los j\u00f3venes del municipio norte\u00f1o pertenecientes a diferentes disciplinas deportivas participaron este mi\u00e9rcoles en el recorrido que se realiz\u00f3 por la calles del pueblo de Har\u00eda con motivo de la \u2018XXIII Antorcha de la Concordia. Por un juego limpio\u2019, organizada, como cada a\u00f1o, por el Comit\u00e9 Interinsular de \u00c1rbitros de F\u00fatbol y F\u00fatbol Sala de Las Palmas en Lanzarote.<\/p>\n<p><!--more--><\/p>\n<p>&nbsp;<\/p>\n<p>A su paso por Har\u00eda, la Antorcha fue recogida por el concejal del grupo de gobierno V\u00edctor Robayna, de manos del colegiado Hugo Delgado, en representaci\u00f3n de la Federaci\u00f3n Insular de \u00c1rbitros.<\/p>\n<p>&nbsp;<br \/>\nTras las palabras de bienvenida por parte de la segunda teniente de alcalde, Soraya Brito, y las intervenciones de algunos de los presentes, la Antorcha portada por deportistas realiz\u00f3 el recorrido previsto, desde la plaza de La Constituci\u00f3n de Har\u00eda, pasando por las calles La Hoya y San Juan para finalizar en aparcamiento del Cementerio Municipal.<\/p>\n<p>&nbsp;<\/p>\n<p><a href=\"http:\/\/www.ayuntamientodeharia.com\/haria\/wp-content\/uploads\/2017\/04\/Antorcha-Concordia-Har\u00eda-1.jpg\"><img fetchpriority=\"high\" decoding=\"async\" class=\"alignleft size-medium wp-image-8761\" src=\"http:\/\/www.ayuntamientodeharia.com\/haria\/wp-content\/uploads\/2017\/04\/Antorcha-Concordia-Har\u00eda-1-300x169.jpg\" alt=\"Antorcha Concordia Har\u00eda (1)\" width=\"300\" height=\"169\" srcset=\"https:\/\/www.ayuntamientodeharia.com\/haria\/wp-content\/uploads\/2017\/04\/Antorcha-Concordia-Har\u00eda-1-300x169.jpg 300w, https:\/\/www.ayuntamientodeharia.com\/haria\/wp-content\/uploads\/2017\/04\/Antorcha-Concordia-Har\u00eda-1-768x432.jpg 768w, https:\/\/www.ayuntamientodeharia.com\/haria\/wp-content\/uploads\/2017\/04\/Antorcha-Concordia-Har\u00eda-1-1024x576.jpg 1024w, https:\/\/www.ayuntamientodeharia.com\/haria\/wp-content\/uploads\/2017\/04\/Antorcha-Concordia-Har\u00eda-1-199x112.jpg 199w, https:\/\/www.ayuntamientodeharia.com\/haria\/wp-content\/uploads\/2017\/04\/Antorcha-Concordia-Har\u00eda-1.jpg 1600w\" sizes=\"(max-width: 300px) 100vw, 300px\" \/><\/a> <a href=\"http:\/\/www.ayuntamientodeharia.com\/haria\/wp-content\/uploads\/2017\/04\/Antorcha-Concordia-Har\u00eda-2.jpg\"><img decoding=\"async\" class=\"alignleft size-medium wp-image-8762\" src=\"http:\/\/www.ayuntamientodeharia.com\/haria\/wp-content\/uploads\/2017\/04\/Antorcha-Concordia-Har\u00eda-2-300x223.jpg\" alt=\"Antorcha Concordia Har\u00eda (2)\" width=\"300\" height=\"223\" srcset=\"https:\/\/www.ayuntamientodeharia.com\/haria\/wp-content\/uploads\/2017\/04\/Antorcha-Concordia-Har\u00eda-2-300x223.jpg 300w, https:\/\/www.ayuntamientodeharia.com\/haria\/wp-content\/uploads\/2017\/04\/Antorcha-Concordia-Har\u00eda-2-768x572.jpg 768w, https:\/\/www.ayuntamientodeharia.com\/haria\/wp-content\/uploads\/2017\/04\/Antorcha-Concordia-Har\u00eda-2-1024x762.jpg 1024w, https:\/\/www.ayuntamientodeharia.com\/haria\/wp-content\/uploads\/2017\/04\/Antorcha-Concordia-Har\u00eda-2-150x112.jpg 150w, https:\/\/www.ayuntamientodeharia.com\/haria\/wp-content\/uploads\/2017\/04\/Antorcha-Concordia-Har\u00eda-2.jpg 1296w\" sizes=\"(max-width: 300px) 100vw, 300px\" \/><\/a> <a href=\"http:\/\/www.ayuntamientodeharia.com\/haria\/wp-content\/uploads\/2017\/04\/Antorcha-Concordia-Har\u00eda-4.jpg\"><img decoding=\"async\" class=\"alignleft size-medium wp-image-8763\" src=\"http:\/\/www.ayuntamientodeharia.com\/haria\/wp-content\/uploads\/2017\/04\/Antorcha-Concordia-Har\u00eda-4-300x224.jpg\" alt=\"Antorcha Concordia Har\u00eda (4)\" width=\"300\" height=\"224\" srcset=\"https:\/\/www.ayuntamientodeharia.com\/haria\/wp-content\/uploads\/2017\/04\/Antorcha-Concordia-Har\u00eda-4-300x224.jpg 300w, https:\/\/www.ayuntamientodeharia.com\/haria\/wp-content\/uploads\/2017\/04\/Antorcha-Concordia-Har\u00eda-4-768x573.jpg 768w, https:\/\/www.ayuntamientodeharia.com\/haria\/wp-content\/uploads\/2017\/04\/Antorcha-Concordia-Har\u00eda-4-1024x764.jpg 1024w, https:\/\/www.ayuntamientodeharia.com\/haria\/wp-content\/uploads\/2017\/04\/Antorcha-Concordia-Har\u00eda-4-150x112.jpg 150w, https:\/\/www.ayuntamientodeharia.com\/haria\/wp-content\/uploads\/2017\/04\/Antorcha-Concordia-Har\u00eda-4.jpg 1294w\" sizes=\"(max-width: 300px) 100vw, 300px\" \/><\/a> <a href=\"http:\/\/www.ayuntamientodeharia.com\/haria\/wp-content\/uploads\/2017\/04\/Antorcha-Concordia-Har\u00eda-5.jpg\"><img loading=\"lazy\" decoding=\"async\" class=\"alignleft size-medium wp-image-8764\" src=\"http:\/\/www.ayuntamientodeharia.com\/haria\/wp-content\/uploads\/2017\/04\/Antorcha-Concordia-Har\u00eda-5-300x169.jpg\" alt=\"Antorcha Concordia Har\u00eda (5)\" width=\"300\" height=\"169\" srcset=\"https:\/\/www.ayuntamientodeharia.com\/haria\/wp-content\/uploads\/2017\/04\/Antorcha-Concordia-Har\u00eda-5-300x169.jpg 300w, https:\/\/www.ayuntamientodeharia.com\/haria\/wp-content\/uploads\/2017\/04\/Antorcha-Concordia-Har\u00eda-5-768x432.jpg 768w, https:\/\/www.ayuntamientodeharia.com\/haria\/wp-content\/uploads\/2017\/04\/Antorcha-Concordia-Har\u00eda-5-1024x576.jpg 1024w, https:\/\/www.ayuntamientodeharia.com\/haria\/wp-content\/uploads\/2017\/04\/Antorcha-Concordia-Har\u00eda-5-199x112.jpg 199w, https:\/\/www.ayuntamientodeharia.com\/haria\/wp-content\/uploads\/2017\/04\/Antorcha-Concordia-Har\u00eda-5.jpg 1600w\" sizes=\"(max-width: 300px) 100vw, 300px\" \/><\/a><\/p>\n","protected":false},"excerpt":{"rendered":"<p>Los j\u00f3venes del municipio norte\u00f1o pertenecientes a diferentes disciplinas deportivas participaron este mi\u00e9rcoles en el recorrido que se realiz\u00f3 por la calles del pueblo de Har\u00eda con motivo de la \u2018XXIII Antorcha de la Concordia. Por un juego limpio\u2019, organizada, como cada a\u00f1o, por el Comit\u00e9 Interinsular de \u00c1rbitros de F\u00fatbol y F\u00fatbol Sala de [&hellip;]<\/p>\n","protected":false},"author":7,"featured_media":8760,"comment_status":"closed","ping_status":"closed","sticky":false,"template":"","format":"standard","meta":{"footnotes":""},"categories":[17,11],"tags":[],"class_list":["post-8759","post","type-post","status-publish","format-standard","has-post-thumbnail","hentry","category-deportes","category-hoja-de-haria"],"_links":{"self":[{"href":"https:\/\/www.ayuntamientodeharia.com\/haria\/wp-json\/wp\/v2\/posts\/8759","targetHints":{"allow":["GET"]}}],"collection":[{"href":"https:\/\/www.ayuntamientodeharia.com\/haria\/wp-json\/wp\/v2\/posts"}],"about":[{"href":"https:\/\/www.ayuntamientodeharia.com\/haria\/wp-json\/wp\/v2\/types\/post"}],"author":[{"embeddable":true,"href":"https:\/\/www.ayuntamientodeharia.com\/haria\/wp-json\/wp\/v2\/users\/7"}],"replies":[{"embeddable":true,"href":"https:\/\/www.ayuntamientodeharia.com\/haria\/wp-json\/wp\/v2\/comments?post=8759"}],"version-history":[{"count":2,"href":"https:\/\/www.ayuntamientodeharia.com\/haria\/wp-json\/wp\/v2\/posts\/8759\/revisions"}],"predecessor-version":[{"id":8766,"href":"https:\/\/www.ayuntamientodeharia.com\/haria\/wp-json\/wp\/v2\/posts\/8759\/revisions\/8766"}],"wp:featuredmedia":[{"embeddable":true,"href":"https:\/\/www.ayuntamientodeharia.com\/haria\/wp-json\/wp\/v2\/media\/8760"}],"wp:attachment":[{"href":"https:\/\/www.ayuntamientodeharia.com\/haria\/wp-json\/wp\/v2\/media?parent=8759"}],"wp:term":[{"taxonomy":"category","embeddable":true,"href":"https:\/\/www.ayuntamientodeharia.com\/haria\/wp-json\/wp\/v2\/categories?post=8759"},{"taxonomy":"post_tag","embeddable":true,"href":"https:\/\/www.ayuntamientodeharia.com\/haria\/wp-json\/wp\/v2\/tags?post=8759"}],"curies":[{"name":"wp","href":"https:\/\/api.w.org\/{rel}","templated":true}]}}