{"id":8559,"date":"2017-04-07T07:59:28","date_gmt":"2017-04-07T07:59:28","guid":{"rendered":"http:\/\/www.ayuntamientodeharia.com\/haria\/?p=8559"},"modified":"2017-04-10T08:01:02","modified_gmt":"2017-04-10T08:01:02","slug":"competiciones-deportivas-7","status":"publish","type":"post","link":"https:\/\/www.ayuntamientodeharia.com\/haria\/competiciones-deportivas-7\/","title":{"rendered":"Competiciones deportivas"},"content":{"rendered":"<p><span style=\"text-decoration: underline;\"><strong>F\u00daTBOL <\/strong><\/span><\/p>\n<p><strong>BENJAM\u00cdN <\/strong><\/p>\n<p>MAR\u00cdTIMA B &#8211; HAR\u00cdA C.F.<\/p>\n<p>Domingo 9 de abril, a las 10:00 horas, en el campo de f\u00fatbol del Mar\u00edtima, Arrecife.<\/p>\n<p>&nbsp;<\/p>\n<p><strong>ALEV\u00cdN <\/strong><\/p>\n<p>HAR\u00cdA C. F. \u2013 YAIZA A<\/p>\n<p>S\u00e1bado 8 de abril, a las 10:00 horas, en el Campo de F\u00fatbol Ladislao Rodr\u00edguez Bonilla, Har\u00eda.<\/p>\n<p>&nbsp;<\/p>\n<p><strong>INFANTIL <\/strong><\/p>\n<p>HAR\u00cdA C.F. \u2013 C.D. TINAJO B<\/p>\n<p>S\u00e1bado 8 de abril, a las 12:00 horas, en el Campo de F\u00fatbol Ladislao Rodr\u00edguez Bonilla, Har\u00eda.<\/p>\n<p>&nbsp;<\/p>\n<p><strong>REGIONAL <\/strong><\/p>\n<p>BECERRIL C.D. &#8211; HAR\u00cdA C.F.<\/p>\n<p>S\u00e1bado 8 de abril, a las 15:00 horas, en Gran Canaria<\/p>\n","protected":false},"excerpt":{"rendered":"<p>F\u00daTBOL BENJAM\u00cdN MAR\u00cdTIMA B &#8211; HAR\u00cdA C.F. Domingo 9 de abril, a las 10:00 horas, en el campo de f\u00fatbol del Mar\u00edtima, Arrecife. &nbsp; ALEV\u00cdN HAR\u00cdA C. F. \u2013 YAIZA A S\u00e1bado 8 de abril, a las 10:00 horas, en el Campo de F\u00fatbol Ladislao Rodr\u00edguez Bonilla, Har\u00eda. &nbsp; INFANTIL HAR\u00cdA C.F. \u2013 C.D. TINAJO [&hellip;]<\/p>\n","protected":false},"author":2,"featured_media":0,"comment_status":"closed","ping_status":"closed","sticky":false,"template":"","format":"standard","meta":{"footnotes":""},"categories":[17,11],"tags":[],"class_list":["post-8559","post","type-post","status-publish","format-standard","hentry","category-deportes","category-hoja-de-haria"],"_links":{"self":[{"href":"https:\/\/www.ayuntamientodeharia.com\/haria\/wp-json\/wp\/v2\/posts\/8559","targetHints":{"allow":["GET"]}}],"collection":[{"href":"https:\/\/www.ayuntamientodeharia.com\/haria\/wp-json\/wp\/v2\/posts"}],"about":[{"href":"https:\/\/www.ayuntamientodeharia.com\/haria\/wp-json\/wp\/v2\/types\/post"}],"author":[{"embeddable":true,"href":"https:\/\/www.ayuntamientodeharia.com\/haria\/wp-json\/wp\/v2\/users\/2"}],"replies":[{"embeddable":true,"href":"https:\/\/www.ayuntamientodeharia.com\/haria\/wp-json\/wp\/v2\/comments?post=8559"}],"version-history":[{"count":2,"href":"https:\/\/www.ayuntamientodeharia.com\/haria\/wp-json\/wp\/v2\/posts\/8559\/revisions"}],"predecessor-version":[{"id":8561,"href":"https:\/\/www.ayuntamientodeharia.com\/haria\/wp-json\/wp\/v2\/posts\/8559\/revisions\/8561"}],"wp:attachment":[{"href":"https:\/\/www.ayuntamientodeharia.com\/haria\/wp-json\/wp\/v2\/media?parent=8559"}],"wp:term":[{"taxonomy":"category","embeddable":true,"href":"https:\/\/www.ayuntamientodeharia.com\/haria\/wp-json\/wp\/v2\/categories?post=8559"},{"taxonomy":"post_tag","embeddable":true,"href":"https:\/\/www.ayuntamientodeharia.com\/haria\/wp-json\/wp\/v2\/tags?post=8559"}],"curies":[{"name":"wp","href":"https:\/\/api.w.org\/{rel}","templated":true}]}}