{"id":8542,"date":"2017-04-07T13:43:00","date_gmt":"2017-04-07T13:43:00","guid":{"rendered":"http:\/\/www.ayuntamientodeharia.com\/haria\/?p=8542"},"modified":"2017-04-07T13:43:54","modified_gmt":"2017-04-07T13:43:54","slug":"limpieza-del-litoral-entre-los-jameos-del-agua-y-punta-mujeres","status":"publish","type":"post","link":"https:\/\/www.ayuntamientodeharia.com\/haria\/limpieza-del-litoral-entre-los-jameos-del-agua-y-punta-mujeres\/","title":{"rendered":"Limpieza del litoral entre los Jameos del Agua y Punta Mujeres"},"content":{"rendered":"<p><a href=\"http:\/\/www.ayuntamientodeharia.com\/haria\/wp-content\/uploads\/2017\/04\/limpieza.jpg\"><img decoding=\"async\" class=\"alignleft wp-image-8530\" src=\"http:\/\/www.ayuntamientodeharia.com\/haria\/wp-content\/uploads\/2017\/04\/limpieza-217x300.jpg\" alt=\"limpieza\" width=\"166\" height=\"226\" \/><\/a>La l\u00ednea de voluntariado \u2018VoluntHar\u00ed@\u2019, dependiente de la concejal\u00eda de Medio Ambiente del Ayuntamiento de Har\u00eda, inicia su primera acci\u00f3n de trabajo, colaborando con la Oficina de la Reserva de la Biosfera de Lanzarote a trav\u00e9s de su l\u00ednea de voluntariado \u2018Junt@s somos Biosfera\u2019, en la jornada del limpieza que se realizar\u00e1 el s\u00e1bado 8 de abril, entre la costa de Jameos del Agua y Punta Mujeres.<\/p>\n<p>&nbsp;<\/p>\n<p>La salida est\u00e1 prevista a las 8:45 horas, desde el Centro Sociocultural El Marinero de Punta Mujeres.<\/p>\n<p><!--more--><\/p>\n<p>&nbsp;<\/p>\n<p>La jornada dar\u00e1 comienzo con una charla motivacional e informativa en la que los participantes conocer\u00e1n los valores ambientales y de inter\u00e9s de la zona. Durante el recorrido se realizar\u00e1 una parada para disfrutar del avistamiento de aves. Al finalizar la jornada los asistentes podr\u00e1n disfrutar de un refrigerio.<\/p>\n<p>&nbsp;<\/p>\n<p>Las personas interesadas en participar en esta iniciativa deber\u00e1n realizar la inscripci\u00f3n correspondiente enviando los datos personales y el DNI a somosbiosfera@ cabildodelanzarote.com. Las plazas son limitadas. Desde la concejal\u00eda de Medio Ambiente, coordinada por Jos\u00e9 P\u00e9rez Dorta, se anima a los vecinos y vecinas del municipio a participar en esta jornada de voluntariado medio ambiental.<\/p>\n","protected":false},"excerpt":{"rendered":"<p>La l\u00ednea de voluntariado \u2018VoluntHar\u00ed@\u2019, dependiente de la concejal\u00eda de Medio Ambiente del Ayuntamiento de Har\u00eda, inicia su primera acci\u00f3n de trabajo, colaborando con la Oficina de la Reserva de la Biosfera de Lanzarote a trav\u00e9s de su l\u00ednea de voluntariado \u2018Junt@s somos Biosfera\u2019, en la jornada del limpieza que se realizar\u00e1 el s\u00e1bado 8 [&hellip;]<\/p>\n","protected":false},"author":2,"featured_media":0,"comment_status":"closed","ping_status":"closed","sticky":false,"template":"","format":"standard","meta":{"footnotes":""},"categories":[11,51],"tags":[],"class_list":["post-8542","post","type-post","status-publish","format-standard","hentry","category-hoja-de-haria","category-medioambiente"],"_links":{"self":[{"href":"https:\/\/www.ayuntamientodeharia.com\/haria\/wp-json\/wp\/v2\/posts\/8542","targetHints":{"allow":["GET"]}}],"collection":[{"href":"https:\/\/www.ayuntamientodeharia.com\/haria\/wp-json\/wp\/v2\/posts"}],"about":[{"href":"https:\/\/www.ayuntamientodeharia.com\/haria\/wp-json\/wp\/v2\/types\/post"}],"author":[{"embeddable":true,"href":"https:\/\/www.ayuntamientodeharia.com\/haria\/wp-json\/wp\/v2\/users\/2"}],"replies":[{"embeddable":true,"href":"https:\/\/www.ayuntamientodeharia.com\/haria\/wp-json\/wp\/v2\/comments?post=8542"}],"version-history":[{"count":1,"href":"https:\/\/www.ayuntamientodeharia.com\/haria\/wp-json\/wp\/v2\/posts\/8542\/revisions"}],"predecessor-version":[{"id":8543,"href":"https:\/\/www.ayuntamientodeharia.com\/haria\/wp-json\/wp\/v2\/posts\/8542\/revisions\/8543"}],"wp:attachment":[{"href":"https:\/\/www.ayuntamientodeharia.com\/haria\/wp-json\/wp\/v2\/media?parent=8542"}],"wp:term":[{"taxonomy":"category","embeddable":true,"href":"https:\/\/www.ayuntamientodeharia.com\/haria\/wp-json\/wp\/v2\/categories?post=8542"},{"taxonomy":"post_tag","embeddable":true,"href":"https:\/\/www.ayuntamientodeharia.com\/haria\/wp-json\/wp\/v2\/tags?post=8542"}],"curies":[{"name":"wp","href":"https:\/\/api.w.org\/{rel}","templated":true}]}}