{"id":8537,"date":"2017-04-07T13:33:20","date_gmt":"2017-04-07T13:33:20","guid":{"rendered":"http:\/\/www.ayuntamientodeharia.com\/haria\/?p=8537"},"modified":"2017-04-07T13:35:38","modified_gmt":"2017-04-07T13:35:38","slug":"pateus-nocturnus-por-la-costa-de-arrieta-a-mala-2","status":"publish","type":"post","link":"https:\/\/www.ayuntamientodeharia.com\/haria\/pateus-nocturnus-por-la-costa-de-arrieta-a-mala-2\/","title":{"rendered":"\u2018Pateus Nocturnus\u2019 por la costa de Arrieta a Mala"},"content":{"rendered":"<p><a href=\"http:\/\/www.ayuntamientodeharia.com\/haria\/wp-content\/uploads\/2017\/04\/Pateus-11-de-abril.jpg\"><img decoding=\"async\" class=\"alignleft wp-image-8514\" src=\"http:\/\/www.ayuntamientodeharia.com\/haria\/wp-content\/uploads\/2017\/04\/Pateus-11-de-abril-300x210.jpg\" alt=\"Pateus 11 de abril\" width=\"202\" height=\"144\" \/><\/a>La Concejal\u00eda de Juventud organiza un nuevo \u2018pateus nocturnus\u2019 entre Arrieta y Mala, para el 11 de abril, coincidiendo con la Luna llena. La salida est\u00e1 prevista a las 21:00 horas desde la playa de La Garita.<\/p>\n<p>&nbsp;<\/p>\n<p>El recorrido no presenta dificultad, por lo que est\u00e1 indicado para cualquier persona que quiera disfrutar de un paseo a la luz de la Luna, as\u00ed como de la interpretaci\u00f3n del entorno que realizar\u00e1n los monitores. Se recomienda a los asistentes llevar agua, linterna, ropa de abrigo y calzado c\u00f3modo.<\/p>\n<p><!--more--><\/p>\n<p>&nbsp;<\/p>\n<p>Los menores de 13 a\u00f1os deber\u00e1n ir acompa\u00f1ados por un adulto Las personas interesadas en acudir al \u2018pateus\u2019 deber\u00e1n inscribirse a partir del viernes 7 de abril, en la agenda de la web www.juventudharia.es. Las plazas son limitadas y se ir\u00e1n cubriendo por orden de inscripci\u00f3n. Para m\u00e1s informaci\u00f3n pueden llamar al tel\u00e9fono 928 835 009 o escribir al correo juventud@ayuntamientodeharia.com.<\/p>\n","protected":false},"excerpt":{"rendered":"<p>La Concejal\u00eda de Juventud organiza un nuevo \u2018pateus nocturnus\u2019 entre Arrieta y Mala, para el 11 de abril, coincidiendo con la Luna llena. La salida est\u00e1 prevista a las 21:00 horas desde la playa de La Garita. &nbsp; El recorrido no presenta dificultad, por lo que est\u00e1 indicado para cualquier persona que quiera disfrutar de [&hellip;]<\/p>\n","protected":false},"author":2,"featured_media":0,"comment_status":"closed","ping_status":"closed","sticky":false,"template":"","format":"standard","meta":{"footnotes":""},"categories":[11,25],"tags":[],"class_list":["post-8537","post","type-post","status-publish","format-standard","hentry","category-hoja-de-haria","category-juventud"],"_links":{"self":[{"href":"https:\/\/www.ayuntamientodeharia.com\/haria\/wp-json\/wp\/v2\/posts\/8537","targetHints":{"allow":["GET"]}}],"collection":[{"href":"https:\/\/www.ayuntamientodeharia.com\/haria\/wp-json\/wp\/v2\/posts"}],"about":[{"href":"https:\/\/www.ayuntamientodeharia.com\/haria\/wp-json\/wp\/v2\/types\/post"}],"author":[{"embeddable":true,"href":"https:\/\/www.ayuntamientodeharia.com\/haria\/wp-json\/wp\/v2\/users\/2"}],"replies":[{"embeddable":true,"href":"https:\/\/www.ayuntamientodeharia.com\/haria\/wp-json\/wp\/v2\/comments?post=8537"}],"version-history":[{"count":1,"href":"https:\/\/www.ayuntamientodeharia.com\/haria\/wp-json\/wp\/v2\/posts\/8537\/revisions"}],"predecessor-version":[{"id":8538,"href":"https:\/\/www.ayuntamientodeharia.com\/haria\/wp-json\/wp\/v2\/posts\/8537\/revisions\/8538"}],"wp:attachment":[{"href":"https:\/\/www.ayuntamientodeharia.com\/haria\/wp-json\/wp\/v2\/media?parent=8537"}],"wp:term":[{"taxonomy":"category","embeddable":true,"href":"https:\/\/www.ayuntamientodeharia.com\/haria\/wp-json\/wp\/v2\/categories?post=8537"},{"taxonomy":"post_tag","embeddable":true,"href":"https:\/\/www.ayuntamientodeharia.com\/haria\/wp-json\/wp\/v2\/tags?post=8537"}],"curies":[{"name":"wp","href":"https:\/\/api.w.org\/{rel}","templated":true}]}}