{"id":8457,"date":"2017-03-31T18:12:32","date_gmt":"2017-03-31T18:12:32","guid":{"rendered":"http:\/\/www.ayuntamientodeharia.com\/haria\/?p=8457"},"modified":"2017-03-31T18:12:32","modified_gmt":"2017-03-31T18:12:32","slug":"arranca-el-programa-de-voluntariado-social-y-medioambiental-volunthari","status":"publish","type":"post","link":"https:\/\/www.ayuntamientodeharia.com\/haria\/arranca-el-programa-de-voluntariado-social-y-medioambiental-volunthari\/","title":{"rendered":"Arranca el programa de voluntariado social y medioambiental \u2018VoluntHar\u00ed@\u2019"},"content":{"rendered":"<p>El alcalde de Har\u00eda, Marci Acu\u00f1a, y el concejal de Medio Ambiente, Jos\u00e9 P\u00e9rez Dorta, presentaron en la ma\u00f1ana de este viernes, 31 de marzo, el primer programa de voluntariado social y medioambiental \u2018VoluntHar\u00ed@\u2019, que persigue sentar las bases para lograr un municipio m\u00e1s sostenible y una sociedad m\u00e1s solidaria y cooperativa. El acto, en el que estuvieron presentes tambi\u00e9n representantes de MJC Ambiental, quienes se encargar\u00e1n de gestionar este proyecto, tuvo lugar en la Sala El Aljibe de Har\u00eda.<\/p>\n<p><!--more--><\/p>\n<p>&nbsp;<\/p>\n<p>\u2018VoluntHar\u00ed@\u2019 incluye en principio unas seis acciones de voluntariado durante el presente a\u00f1o, que se combinan a su vez con diversas actuaciones de dinamizaci\u00f3n, contando con profesionales de \u00e1mbitos como la cultura, la educaci\u00f3n o el deporte con los que aportar un valor a\u00f1adido a las mismas.<\/p>\n<p>&nbsp;<\/p>\n<p>Esta experiencia dar\u00e1 comienzo este s\u00e1bado, 1 de abril, con un evento musical, el concierto del grupo Ciempi\u00e9s Ni Cabeza, que se desarrollar\u00e1 a las 12:00 horas, en la Hoya de Har\u00eda, y que servir\u00e1 como presentaci\u00f3n del programa e invitaci\u00f3n a todos los lanzarote\u00f1os y visitantes a unirse a este movimiento.<\/p>\n<p>&nbsp;<\/p>\n<p>La primera acci\u00f3n programada tendr\u00e1 lugar el 8 de abril, en colaboraci\u00f3n con la l\u00ednea de voluntariado de la Oficina de La Reserva de La Biosfera del Cabildo de Lanzarote, conocida como \u2018Junt@s Somos Biosfera\u2019, que organiza una limpieza del litoral de Har\u00eda, tanto terrestre como subacu\u00e1tica, en colaboraci\u00f3n con CAS Pastinaca y el Club Apnea Lanzarote, y dinamizada con un taller de avistamiento de aves de la mano de Gustavo Tejero.<\/p>\n<p>&nbsp;<\/p>\n<p>A partir de entonces, se abre para Har\u00eda un programa de diversas acciones que ayudar\u00e1n a la mejora del municipio y a la dinamizaci\u00f3n de la sociedad. Para m\u00e1s informaci\u00f3n sobre \u2018VoluntHar\u00ed@\u2019 e inscripciones se pueden dirigir al equipo organizador a trav\u00e9s de la red social de Facebook @VoluntHar\u00eda y a trav\u00e9s de la cuenta de correo electr\u00f3nico <a href=\"mailto:volunthari@gmail.com\">volunthari@gmail.com<\/a>.<\/p>\n","protected":false},"excerpt":{"rendered":"<p>El alcalde de Har\u00eda, Marci Acu\u00f1a, y el concejal de Medio Ambiente, Jos\u00e9 P\u00e9rez Dorta, presentaron en la ma\u00f1ana de este viernes, 31 de marzo, el primer programa de voluntariado social y medioambiental \u2018VoluntHar\u00ed@\u2019, que persigue sentar las bases para lograr un municipio m\u00e1s sostenible y una sociedad m\u00e1s solidaria y cooperativa. El acto, en [&hellip;]<\/p>\n","protected":false},"author":7,"featured_media":8458,"comment_status":"closed","ping_status":"closed","sticky":false,"template":"","format":"standard","meta":{"footnotes":""},"categories":[11,51],"tags":[],"class_list":["post-8457","post","type-post","status-publish","format-standard","has-post-thumbnail","hentry","category-hoja-de-haria","category-medioambiente"],"_links":{"self":[{"href":"https:\/\/www.ayuntamientodeharia.com\/haria\/wp-json\/wp\/v2\/posts\/8457","targetHints":{"allow":["GET"]}}],"collection":[{"href":"https:\/\/www.ayuntamientodeharia.com\/haria\/wp-json\/wp\/v2\/posts"}],"about":[{"href":"https:\/\/www.ayuntamientodeharia.com\/haria\/wp-json\/wp\/v2\/types\/post"}],"author":[{"embeddable":true,"href":"https:\/\/www.ayuntamientodeharia.com\/haria\/wp-json\/wp\/v2\/users\/7"}],"replies":[{"embeddable":true,"href":"https:\/\/www.ayuntamientodeharia.com\/haria\/wp-json\/wp\/v2\/comments?post=8457"}],"version-history":[{"count":1,"href":"https:\/\/www.ayuntamientodeharia.com\/haria\/wp-json\/wp\/v2\/posts\/8457\/revisions"}],"predecessor-version":[{"id":8459,"href":"https:\/\/www.ayuntamientodeharia.com\/haria\/wp-json\/wp\/v2\/posts\/8457\/revisions\/8459"}],"wp:featuredmedia":[{"embeddable":true,"href":"https:\/\/www.ayuntamientodeharia.com\/haria\/wp-json\/wp\/v2\/media\/8458"}],"wp:attachment":[{"href":"https:\/\/www.ayuntamientodeharia.com\/haria\/wp-json\/wp\/v2\/media?parent=8457"}],"wp:term":[{"taxonomy":"category","embeddable":true,"href":"https:\/\/www.ayuntamientodeharia.com\/haria\/wp-json\/wp\/v2\/categories?post=8457"},{"taxonomy":"post_tag","embeddable":true,"href":"https:\/\/www.ayuntamientodeharia.com\/haria\/wp-json\/wp\/v2\/tags?post=8457"}],"curies":[{"name":"wp","href":"https:\/\/api.w.org\/{rel}","templated":true}]}}