{"id":8453,"date":"2017-03-31T18:10:06","date_gmt":"2017-03-31T18:10:06","guid":{"rendered":"http:\/\/www.ayuntamientodeharia.com\/haria\/?p=8453"},"modified":"2017-03-31T18:10:38","modified_gmt":"2017-03-31T18:10:38","slug":"el-director-general-de-juventud-conoce-el-proyecto-educharia","status":"publish","type":"post","link":"https:\/\/www.ayuntamientodeharia.com\/haria\/el-director-general-de-juventud-conoce-el-proyecto-educharia\/","title":{"rendered":"El director general de Juventud conoce el proyecto \u2018EducHar\u00eda\u2019"},"content":{"rendered":"<p style=\"text-align: justify;\"><span style=\"font-family: Verdana;\">El director general de Juventud del Gobierno de Canarias, Sergio Eiroa, visit\u00f3 recientemente el Ayuntamiento de Har\u00eda para conocer de primera mano los proyectos que se est\u00e1n ejecutando en esta materia.<\/span><\/p>\n<p style=\"text-align: justify;\"><!--more--><\/p>\n<p style=\"text-align: justify;\"><span style=\"font-family: Verdana;\">La concejala de Juventud, Soraya Brito, expuso al director general las diferentes l\u00edneas de actuaci\u00f3n que se est\u00e1n llevando a cabo desde el Consistorio norte\u00f1o para dinamizar y ofrecer alternativas de ocio a los j\u00f3venes.<\/span><\/p>\n<p style=\"text-align: justify;\">\n<p style=\"text-align: justify;\"><span style=\"font-family: Verdana;\">Durante el encuentro, Eiroa prest\u00f3 especial atenci\u00f3n a \u2018EducHar\u00eda\u2019, \u201cun proyecto que ha comenzado a dar sus primeros pasos con la reciente conformaci\u00f3n de los grupos de trabajo compuestos por profesores y alumnos de los CEIP del municipio, del IES Har\u00eda, AMPAS, Residencia Escolar de Har\u00eda, agentes de seguridad y \u00e1reas del Ayuntamiento implicadas en el trabajo social\u201d, seg\u00fan ha indicado Soraya Brito.<\/span><\/p>\n<p style=\"text-align: justify;\">\n<p style=\"text-align: justify;\"><span style=\"font-family: Verdana;\">La concejala apostilla que \u2018EducHar\u00eda\u2019 \u201ces mucho m\u00e1s que un proyecto y surge para dinamizar y crear una mesa de trabajo en pro de los valores sociales del municipio, en el que la comunidad educativa y los agentes sociales juegan un papel fundamental en la formaci\u00f3n y educaci\u00f3n de los ni\u00f1os y j\u00f3venes\u201d. <\/span><\/p>\n","protected":false},"excerpt":{"rendered":"<p>El director general de Juventud del Gobierno de Canarias, Sergio Eiroa, visit\u00f3 recientemente el Ayuntamiento de Har\u00eda para conocer de primera mano los proyectos que se est\u00e1n ejecutando en esta materia.<\/p>\n","protected":false},"author":7,"featured_media":8454,"comment_status":"closed","ping_status":"closed","sticky":false,"template":"","format":"standard","meta":{"footnotes":""},"categories":[11,25],"tags":[],"class_list":["post-8453","post","type-post","status-publish","format-standard","has-post-thumbnail","hentry","category-hoja-de-haria","category-juventud"],"_links":{"self":[{"href":"https:\/\/www.ayuntamientodeharia.com\/haria\/wp-json\/wp\/v2\/posts\/8453","targetHints":{"allow":["GET"]}}],"collection":[{"href":"https:\/\/www.ayuntamientodeharia.com\/haria\/wp-json\/wp\/v2\/posts"}],"about":[{"href":"https:\/\/www.ayuntamientodeharia.com\/haria\/wp-json\/wp\/v2\/types\/post"}],"author":[{"embeddable":true,"href":"https:\/\/www.ayuntamientodeharia.com\/haria\/wp-json\/wp\/v2\/users\/7"}],"replies":[{"embeddable":true,"href":"https:\/\/www.ayuntamientodeharia.com\/haria\/wp-json\/wp\/v2\/comments?post=8453"}],"version-history":[{"count":2,"href":"https:\/\/www.ayuntamientodeharia.com\/haria\/wp-json\/wp\/v2\/posts\/8453\/revisions"}],"predecessor-version":[{"id":8456,"href":"https:\/\/www.ayuntamientodeharia.com\/haria\/wp-json\/wp\/v2\/posts\/8453\/revisions\/8456"}],"wp:featuredmedia":[{"embeddable":true,"href":"https:\/\/www.ayuntamientodeharia.com\/haria\/wp-json\/wp\/v2\/media\/8454"}],"wp:attachment":[{"href":"https:\/\/www.ayuntamientodeharia.com\/haria\/wp-json\/wp\/v2\/media?parent=8453"}],"wp:term":[{"taxonomy":"category","embeddable":true,"href":"https:\/\/www.ayuntamientodeharia.com\/haria\/wp-json\/wp\/v2\/categories?post=8453"},{"taxonomy":"post_tag","embeddable":true,"href":"https:\/\/www.ayuntamientodeharia.com\/haria\/wp-json\/wp\/v2\/tags?post=8453"}],"curies":[{"name":"wp","href":"https:\/\/api.w.org\/{rel}","templated":true}]}}