{"id":8447,"date":"2017-03-31T18:00:44","date_gmt":"2017-03-31T18:00:44","guid":{"rendered":"http:\/\/www.ayuntamientodeharia.com\/haria\/?p=8447"},"modified":"2017-03-31T18:02:56","modified_gmt":"2017-03-31T18:02:56","slug":"haria-felicita-a-olegario-rodriguez-campeon-de-campeones-en-el-v-dia-internacional-del-tirador-beretta","status":"publish","type":"post","link":"https:\/\/www.ayuntamientodeharia.com\/haria\/haria-felicita-a-olegario-rodriguez-campeon-de-campeones-en-el-v-dia-internacional-del-tirador-beretta\/","title":{"rendered":"Har\u00eda felicita a Olegario Rodr\u00edguez, campe\u00f3n de campeones en el \u2018V D\u00eda Internacional del Tirador Beretta\u2019"},"content":{"rendered":"<p style=\"text-align: justify;\"><span style=\"font-family: Verdana;\">El alcalde nort<a href=\"http:\/\/www.ayuntamientodeharia.com\/haria\/wp-content\/uploads\/2017\/03\/Cazador.jpg\"><img decoding=\"async\" class=\"alignleft wp-image-8448 size-thumbnail\" src=\"http:\/\/www.ayuntamientodeharia.com\/haria\/wp-content\/uploads\/2017\/03\/Cazador-150x150.jpg\" alt=\"Cazador\" width=\"150\" height=\"150\" \/><\/a>e\u00f1o, Marci Acu\u00f1a, en su nombre y en el de toda la Corporaci\u00f3n municipal, felicita al tirador hariano Olegario Rodr\u00edguez, quien se proclam\u00f3 recientemente brillante campe\u00f3n de campeones en el \u2018V D\u00eda Internacional del Tirador Beretta\u2019, celebrado en las instalaciones del Pol\u00edgono Insular de Tiro, en Lomo Pollo, Telde.<\/span><\/p>\n<p style=\"text-align: justify;\"><!--more--><\/p>\n<p style=\"text-align: justify;\">\n<p style=\"text-align: justify;\"><span style=\"font-family: Verdana;\">Rodr\u00edguez, vencedor en la modalidad de doble trap al ser el \u00fanico tirador de la misma en conseguir un pleno de 24\/24, luch\u00f3 posteriormente para conseguir el t\u00edtulo de campe\u00f3n de campeones con Francisco Santana, Jos\u00e9 Manuel And\u00fajar e I\u00f1aki Ortiz, alz\u00e1ndose con el triunfo final por un solo punto de diferencia.\u00a0<\/span><\/p>\n","protected":false},"excerpt":{"rendered":"<p>El alcalde norte\u00f1o, Marci Acu\u00f1a, en su nombre y en el de toda la Corporaci\u00f3n municipal, felicita al tirador hariano Olegario Rodr\u00edguez, quien se proclam\u00f3 recientemente brillante campe\u00f3n de campeones en el \u2018V D\u00eda Internacional del Tirador Beretta\u2019, celebrado en las instalaciones del Pol\u00edgono Insular de Tiro, en Lomo Pollo, Telde.<\/p>\n","protected":false},"author":7,"featured_media":0,"comment_status":"closed","ping_status":"closed","sticky":false,"template":"","format":"standard","meta":{"footnotes":""},"categories":[11],"tags":[],"class_list":["post-8447","post","type-post","status-publish","format-standard","hentry","category-hoja-de-haria"],"_links":{"self":[{"href":"https:\/\/www.ayuntamientodeharia.com\/haria\/wp-json\/wp\/v2\/posts\/8447","targetHints":{"allow":["GET"]}}],"collection":[{"href":"https:\/\/www.ayuntamientodeharia.com\/haria\/wp-json\/wp\/v2\/posts"}],"about":[{"href":"https:\/\/www.ayuntamientodeharia.com\/haria\/wp-json\/wp\/v2\/types\/post"}],"author":[{"embeddable":true,"href":"https:\/\/www.ayuntamientodeharia.com\/haria\/wp-json\/wp\/v2\/users\/7"}],"replies":[{"embeddable":true,"href":"https:\/\/www.ayuntamientodeharia.com\/haria\/wp-json\/wp\/v2\/comments?post=8447"}],"version-history":[{"count":1,"href":"https:\/\/www.ayuntamientodeharia.com\/haria\/wp-json\/wp\/v2\/posts\/8447\/revisions"}],"predecessor-version":[{"id":8449,"href":"https:\/\/www.ayuntamientodeharia.com\/haria\/wp-json\/wp\/v2\/posts\/8447\/revisions\/8449"}],"wp:attachment":[{"href":"https:\/\/www.ayuntamientodeharia.com\/haria\/wp-json\/wp\/v2\/media?parent=8447"}],"wp:term":[{"taxonomy":"category","embeddable":true,"href":"https:\/\/www.ayuntamientodeharia.com\/haria\/wp-json\/wp\/v2\/categories?post=8447"},{"taxonomy":"post_tag","embeddable":true,"href":"https:\/\/www.ayuntamientodeharia.com\/haria\/wp-json\/wp\/v2\/tags?post=8447"}],"curies":[{"name":"wp","href":"https:\/\/api.w.org\/{rel}","templated":true}]}}