{"id":8440,"date":"2017-03-31T17:54:00","date_gmt":"2017-03-31T17:54:00","guid":{"rendered":"http:\/\/www.ayuntamientodeharia.com\/haria\/?p=8440"},"modified":"2017-04-07T13:39:22","modified_gmt":"2017-04-07T13:39:22","slug":"charla-sobre-la-cueva-de-los-jameos-del-agua-y-el-tunel-de-la-atlantida","status":"publish","type":"post","link":"https:\/\/www.ayuntamientodeharia.com\/haria\/charla-sobre-la-cueva-de-los-jameos-del-agua-y-el-tunel-de-la-atlantida\/","title":{"rendered":"Charla sobre la cueva de los Jameos del Agua y el T\u00fanel de la Atl\u00e1ntida"},"content":{"rendered":"<p>El Centro Sociocultural La Tegala de Har\u00eda acoger\u00e1 el s\u00e1bado, 8 de abril, a las 20:00 horas, una charla a cargo de Alejandro Mart\u00ednez, autor del libro \u2018Gu\u00eda interpretativa de los ecosistemas anquialinos de Los Jameos del Agua y T\u00fanel de la Atl\u00e1ntida\u2019, considerado un referente a nivel mundial para la biolog\u00eda evolutiva.<\/p>\n<p><!--more--><\/p>\n<p>&nbsp;<\/p>\n<p>Durante 125 a\u00f1os, m\u00e1s de 50 cient\u00edficos han investigado la cueva y este libro pretende resumir todos los trabajos de exploraci\u00f3n y estudio. El trabajo, que comenz\u00f3 a realizarse en inicios del 2015, ha sido realizado por un equipo multidisciplinar de 10 personas y ha tenido un coste de 50.000 euros.<\/p>\n<p>&nbsp;<\/p>\n<p><a href=\"http:\/\/www.ayuntamientodeharia.com\/haria\/wp-content\/uploads\/2017\/04\/Charla-Tunel-Atlantida-800-x-559.jpg\"><img fetchpriority=\"high\" decoding=\"async\" class=\"alignleft size-full wp-image-8487\" src=\"http:\/\/www.ayuntamientodeharia.com\/haria\/wp-content\/uploads\/2017\/04\/Charla-Tunel-Atlantida-800-x-559.jpg\" alt=\"Charla Tunel Atlantida (800 x 559)\" width=\"800\" height=\"559\" srcset=\"https:\/\/www.ayuntamientodeharia.com\/haria\/wp-content\/uploads\/2017\/04\/Charla-Tunel-Atlantida-800-x-559.jpg 800w, https:\/\/www.ayuntamientodeharia.com\/haria\/wp-content\/uploads\/2017\/04\/Charla-Tunel-Atlantida-800-x-559-300x210.jpg 300w, https:\/\/www.ayuntamientodeharia.com\/haria\/wp-content\/uploads\/2017\/04\/Charla-Tunel-Atlantida-800-x-559-768x537.jpg 768w\" sizes=\"(max-width: 800px) 100vw, 800px\" \/><\/a><\/p>\n","protected":false},"excerpt":{"rendered":"<p>El Centro Sociocultural La Tegala de Har\u00eda acoger\u00e1 el s\u00e1bado, 8 de abril, a las 20:00 horas, una charla a cargo de Alejandro Mart\u00ednez, autor del libro \u2018Gu\u00eda interpretativa de los ecosistemas anquialinos de Los Jameos del Agua y T\u00fanel de la Atl\u00e1ntida\u2019, considerado un referente a nivel mundial para la biolog\u00eda evolutiva.<\/p>\n","protected":false},"author":7,"featured_media":8441,"comment_status":"closed","ping_status":"closed","sticky":false,"template":"","format":"standard","meta":{"footnotes":""},"categories":[11,51],"tags":[],"class_list":["post-8440","post","type-post","status-publish","format-standard","has-post-thumbnail","hentry","category-hoja-de-haria","category-medioambiente"],"_links":{"self":[{"href":"https:\/\/www.ayuntamientodeharia.com\/haria\/wp-json\/wp\/v2\/posts\/8440","targetHints":{"allow":["GET"]}}],"collection":[{"href":"https:\/\/www.ayuntamientodeharia.com\/haria\/wp-json\/wp\/v2\/posts"}],"about":[{"href":"https:\/\/www.ayuntamientodeharia.com\/haria\/wp-json\/wp\/v2\/types\/post"}],"author":[{"embeddable":true,"href":"https:\/\/www.ayuntamientodeharia.com\/haria\/wp-json\/wp\/v2\/users\/7"}],"replies":[{"embeddable":true,"href":"https:\/\/www.ayuntamientodeharia.com\/haria\/wp-json\/wp\/v2\/comments?post=8440"}],"version-history":[{"count":7,"href":"https:\/\/www.ayuntamientodeharia.com\/haria\/wp-json\/wp\/v2\/posts\/8440\/revisions"}],"predecessor-version":[{"id":8488,"href":"https:\/\/www.ayuntamientodeharia.com\/haria\/wp-json\/wp\/v2\/posts\/8440\/revisions\/8488"}],"wp:featuredmedia":[{"embeddable":true,"href":"https:\/\/www.ayuntamientodeharia.com\/haria\/wp-json\/wp\/v2\/media\/8441"}],"wp:attachment":[{"href":"https:\/\/www.ayuntamientodeharia.com\/haria\/wp-json\/wp\/v2\/media?parent=8440"}],"wp:term":[{"taxonomy":"category","embeddable":true,"href":"https:\/\/www.ayuntamientodeharia.com\/haria\/wp-json\/wp\/v2\/categories?post=8440"},{"taxonomy":"post_tag","embeddable":true,"href":"https:\/\/www.ayuntamientodeharia.com\/haria\/wp-json\/wp\/v2\/tags?post=8440"}],"curies":[{"name":"wp","href":"https:\/\/api.w.org\/{rel}","templated":true}]}}