{"id":8437,"date":"2017-03-31T17:51:06","date_gmt":"2017-03-31T17:51:06","guid":{"rendered":"http:\/\/www.ayuntamientodeharia.com\/haria\/?p=8437"},"modified":"2017-03-31T17:51:06","modified_gmt":"2017-03-31T17:51:06","slug":"siliem-rodriguez-consigue-la-tercera-posicion-en-el-campeonato-de-canarias-infantil-y-juvenil-de-karate","status":"publish","type":"post","link":"https:\/\/www.ayuntamientodeharia.com\/haria\/siliem-rodriguez-consigue-la-tercera-posicion-en-el-campeonato-de-canarias-infantil-y-juvenil-de-karate\/","title":{"rendered":"Siliem Rodr\u00edguez consigue la tercera posici\u00f3n en el \u2018Campeonato de Canarias Infantil y Juvenil de K\u00e1rate\u2019"},"content":{"rendered":"<p>La Escuela Municipal de K\u00e1rate particip\u00f3 el pasado 19 de marzo en el \u2018Campeonato de Canarias Infantil y Juvenil de K\u00e1rate\u2019, modalidades de Katas y Kumite 2017, celebrado en el Pabell\u00f3n Deportivo de Arrecife.<\/p>\n<p><!--more--><\/p>\n<p>&nbsp;<\/p>\n<p>Las alumnas que participaron en el Campeonato fueron Siliem Rodr\u00edguez Cedr\u00e9s, Luc\u00eda Toledano Navarro, Diana Marl\u00e9s Rosende, Andrea Gonz\u00e1lez Niz, Esther Gonz\u00e1lez Niz y Mar\u00eda Lemes Perera.<\/p>\n<p>&nbsp;<\/p>\n<p>En modalidad Kumite, categor\u00eda alev\u00edn femenino de menos de 32 kilos, Siliem Rodr\u00edguez qued\u00f3 clasificada en tercera posici\u00f3n.<\/p>\n<p>&nbsp;<\/p>\n<p>El alcalde y el concejal de Deportes felicitan p\u00fablicamente a las karatecas especialmente, a Siliem Rodr\u00edguez, por su excelente tercera posici\u00f3n en el Campeonato.<\/p>\n","protected":false},"excerpt":{"rendered":"<p>La Escuela Municipal de K\u00e1rate particip\u00f3 el pasado 19 de marzo en el \u2018Campeonato de Canarias Infantil y Juvenil de K\u00e1rate\u2019, modalidades de Katas y Kumite 2017, celebrado en el Pabell\u00f3n Deportivo de Arrecife.<\/p>\n","protected":false},"author":7,"featured_media":8438,"comment_status":"closed","ping_status":"closed","sticky":false,"template":"","format":"standard","meta":{"footnotes":""},"categories":[17,11],"tags":[],"class_list":["post-8437","post","type-post","status-publish","format-standard","has-post-thumbnail","hentry","category-deportes","category-hoja-de-haria"],"_links":{"self":[{"href":"https:\/\/www.ayuntamientodeharia.com\/haria\/wp-json\/wp\/v2\/posts\/8437","targetHints":{"allow":["GET"]}}],"collection":[{"href":"https:\/\/www.ayuntamientodeharia.com\/haria\/wp-json\/wp\/v2\/posts"}],"about":[{"href":"https:\/\/www.ayuntamientodeharia.com\/haria\/wp-json\/wp\/v2\/types\/post"}],"author":[{"embeddable":true,"href":"https:\/\/www.ayuntamientodeharia.com\/haria\/wp-json\/wp\/v2\/users\/7"}],"replies":[{"embeddable":true,"href":"https:\/\/www.ayuntamientodeharia.com\/haria\/wp-json\/wp\/v2\/comments?post=8437"}],"version-history":[{"count":1,"href":"https:\/\/www.ayuntamientodeharia.com\/haria\/wp-json\/wp\/v2\/posts\/8437\/revisions"}],"predecessor-version":[{"id":8439,"href":"https:\/\/www.ayuntamientodeharia.com\/haria\/wp-json\/wp\/v2\/posts\/8437\/revisions\/8439"}],"wp:featuredmedia":[{"embeddable":true,"href":"https:\/\/www.ayuntamientodeharia.com\/haria\/wp-json\/wp\/v2\/media\/8438"}],"wp:attachment":[{"href":"https:\/\/www.ayuntamientodeharia.com\/haria\/wp-json\/wp\/v2\/media?parent=8437"}],"wp:term":[{"taxonomy":"category","embeddable":true,"href":"https:\/\/www.ayuntamientodeharia.com\/haria\/wp-json\/wp\/v2\/categories?post=8437"},{"taxonomy":"post_tag","embeddable":true,"href":"https:\/\/www.ayuntamientodeharia.com\/haria\/wp-json\/wp\/v2\/tags?post=8437"}],"curies":[{"name":"wp","href":"https:\/\/api.w.org\/{rel}","templated":true}]}}