{"id":8434,"date":"2017-03-31T17:48:21","date_gmt":"2017-03-31T17:48:21","guid":{"rendered":"http:\/\/www.ayuntamientodeharia.com\/haria\/?p=8434"},"modified":"2017-03-31T17:48:48","modified_gmt":"2017-03-31T17:48:48","slug":"competiciones-deportivas-del-fin-de-semana-2","status":"publish","type":"post","link":"https:\/\/www.ayuntamientodeharia.com\/haria\/competiciones-deportivas-del-fin-de-semana-2\/","title":{"rendered":"Competiciones deportivas del fin de semana"},"content":{"rendered":"<p><strong>F\u00daTBOL:<a href=\"http:\/\/www.ayuntamientodeharia.com\/haria\/wp-content\/uploads\/2017\/03\/Canchas-CEIP-San-Juan-de-HAria.jpg\"><img decoding=\"async\" class=\"alignleft wp-image-8210 size-thumbnail\" src=\"http:\/\/www.ayuntamientodeharia.com\/haria\/wp-content\/uploads\/2017\/03\/Canchas-CEIP-San-Juan-de-HAria-150x150.jpg\" alt=\"Canchas CEIP San Juan de HAria\" width=\"150\" height=\"150\" \/><\/a><\/strong><\/p>\n<p>&nbsp;<\/p>\n<p><strong><u>BENJAM\u00cdN<\/u><\/strong><\/p>\n<p>HAR\u00cdA C.F. \u2013 YAIZA B<\/p>\n<p>S\u00e1bado, 1 de abril, a las 10:00h. en el Campo de F\u00fatbol Ladislao Rodr\u00edguez Bonilla,\u00a0 Har\u00eda.<\/p>\n<p><!--more--><\/p>\n<p><strong><u>ALEV\u00cdN<\/u><\/strong><\/p>\n<p>ESTEFUT A &#8211; HAR\u00cdA C. F.<\/p>\n<p>Domingo, 2 de abril, a las 09:30h. en el\u00a0 Campo de Argana, Arrecife.<\/p>\n<p><strong><u>INFANTI<\/u><\/strong>L<\/p>\n<p>LOMO C \u2013 HAR\u00cdA C.F.<\/p>\n<p>Domingo, 2 de abril, a las 12:00h. en el\u00a0 Campo de F\u00fatbol del Puerto de Arrecife.<\/p>\n<p><strong><u>JUVENIL <\/u><\/strong><\/p>\n<p>TEGUISE C.D. &#8211; HAR\u00cdA C.F.<\/p>\n<p>S\u00e1bado, 1 de abril, a las 18:00h. en el\u00a0 Campo de F\u00fatbol de Teguise.<\/p>\n<p><strong><u>REGIONAL<\/u><\/strong><\/p>\n<p>HAR\u00cdA C.F. \u2013\u00a0 SAN `PEDRO MART\u00cdN<\/p>\n<p>S\u00e1bado, 1 de abril,\u00a0 a las 17:00h. en el Campo de F\u00fatbol Ladislao Rodr\u00edguez Bonilla,\u00a0 Har\u00eda.<\/p>\n<p><strong>\u00a0<\/strong><\/p>\n<p><strong>LUCHA CANARIA:<\/strong><\/p>\n<p>&nbsp;<\/p>\n<p><strong><u>CATEGOR\u00cdA BASE, JUEGOS DE PROMOCI\u00d3N DEPORTIVA:<\/u><\/strong><\/p>\n<p>Viernes, 31 de marzo, a las 17:00h. en el Terrero de Lucha \u201cFeluco Paz\u201d de San Bartolom\u00e9.<\/p>\n<p><strong>ALEV\u00cdN<\/strong><\/p>\n<p>C.L. UNI\u00d3N NORTE \u2013 C.L. TAO &#8211; TAH\u00cdCHE<\/p>\n<p><strong><u>JUVENIL Y CADETE<\/u><\/strong><\/p>\n<p>UNI\u00d3N SUR TIAS &#8211;\u00a0 C.L. UNI\u00d3N NORTE<\/p>\n<p>Lunes, 3\u00a0 de abril, a las 20:00h. en el Terrero de Lucha \u201cUlpiano Rodr\u00edguez\u201d de T\u00edas.<\/p>\n<p><strong><u>SENIOR<\/u><\/strong><\/p>\n<p>Viernes, 31 de marzo, a las 21:00h. en el Terrero de Lucha \u201cUlpiano Rodr\u00edguez\u201d de T\u00edas.<\/p>\n<p>U.S. TIAS &#8211; C.L. UNI\u00d3N NORTE<\/p>\n<p><strong>\u00a0<\/strong><\/p>\n<p><strong>BALONCESTO:<\/strong><\/p>\n<p>&nbsp;<\/p>\n<p><strong><u>JUEGOS INSULARES DE PROMOCION DEPORTIVA:<\/u><\/strong><\/p>\n<p>Jueves, 30 de marzo, en el Pabell\u00f3n Deportivo de Har\u00eda.<\/p>\n<p><strong>CATEGOR\u00cdA INFANTIL FEMENINO:<\/strong><\/p>\n<p>19:00H.-\u00a0 CLUB BALONCESTO HAR\u00cdA VUELTA ARRIBA &#8211;\u00a0 TIZZIRI TINAJO<\/p>\n<p><strong>COMPETICI\u00d3N FEDERADA:<\/strong><\/p>\n<p>Viernes, 31 de marzo, en el Pabell\u00f3n Deportivo de Har\u00eda.<\/p>\n<p>PRE- INFANTIL MASCULINO<\/p>\n<p>CLUB BALONCESTO HAR\u00cdA VUELTA ARRIBA \u2013 ARIAGONA.<\/p>\n","protected":false},"excerpt":{"rendered":"<p>F\u00daTBOL: &nbsp; BENJAM\u00cdN HAR\u00cdA C.F. \u2013 YAIZA B S\u00e1bado, 1 de abril, a las 10:00h. en el Campo de F\u00fatbol Ladislao Rodr\u00edguez Bonilla,\u00a0 Har\u00eda.<\/p>\n","protected":false},"author":7,"featured_media":0,"comment_status":"closed","ping_status":"closed","sticky":false,"template":"","format":"standard","meta":{"footnotes":""},"categories":[17,11],"tags":[],"class_list":["post-8434","post","type-post","status-publish","format-standard","hentry","category-deportes","category-hoja-de-haria"],"_links":{"self":[{"href":"https:\/\/www.ayuntamientodeharia.com\/haria\/wp-json\/wp\/v2\/posts\/8434","targetHints":{"allow":["GET"]}}],"collection":[{"href":"https:\/\/www.ayuntamientodeharia.com\/haria\/wp-json\/wp\/v2\/posts"}],"about":[{"href":"https:\/\/www.ayuntamientodeharia.com\/haria\/wp-json\/wp\/v2\/types\/post"}],"author":[{"embeddable":true,"href":"https:\/\/www.ayuntamientodeharia.com\/haria\/wp-json\/wp\/v2\/users\/7"}],"replies":[{"embeddable":true,"href":"https:\/\/www.ayuntamientodeharia.com\/haria\/wp-json\/wp\/v2\/comments?post=8434"}],"version-history":[{"count":2,"href":"https:\/\/www.ayuntamientodeharia.com\/haria\/wp-json\/wp\/v2\/posts\/8434\/revisions"}],"predecessor-version":[{"id":8436,"href":"https:\/\/www.ayuntamientodeharia.com\/haria\/wp-json\/wp\/v2\/posts\/8434\/revisions\/8436"}],"wp:attachment":[{"href":"https:\/\/www.ayuntamientodeharia.com\/haria\/wp-json\/wp\/v2\/media?parent=8434"}],"wp:term":[{"taxonomy":"category","embeddable":true,"href":"https:\/\/www.ayuntamientodeharia.com\/haria\/wp-json\/wp\/v2\/categories?post=8434"},{"taxonomy":"post_tag","embeddable":true,"href":"https:\/\/www.ayuntamientodeharia.com\/haria\/wp-json\/wp\/v2\/tags?post=8434"}],"curies":[{"name":"wp","href":"https:\/\/api.w.org\/{rel}","templated":true}]}}