{"id":8406,"date":"2017-03-24T18:18:10","date_gmt":"2017-03-24T18:18:10","guid":{"rendered":"http:\/\/www.ayuntamientodeharia.com\/haria\/?p=8406"},"modified":"2017-03-24T18:18:10","modified_gmt":"2017-03-24T18:18:10","slug":"haria-pone-en-marcha-un-programa-de-voluntariado-social-y-medioambiental","status":"publish","type":"post","link":"https:\/\/www.ayuntamientodeharia.com\/haria\/haria-pone-en-marcha-un-programa-de-voluntariado-social-y-medioambiental\/","title":{"rendered":"Har\u00eda pone en marcha un programa de voluntariado social y medioambiental"},"content":{"rendered":"<p>La Concejal\u00eda de Medio Ambiente, que dirige Jos\u00e9 P\u00e9rez Dorta, promueve el primer programa de voluntariado social y medio ambiental \u2018VoluntHar\u00ed@\u2019 con el objetivo de sentar la bases para lograr un municipio m\u00e1s sostenible y una sociedad m\u00e1s solidaria y cooperativa.<\/p>\n<p><!--more--><\/p>\n<p>&nbsp;<\/p>\n<p>A lo largo del a\u00f1o se ir\u00e1n desarrollando diferentes actividades como la limpieza del litoral de Har\u00eda, el embellecimiento del Bosquecillo o la eliminaci\u00f3n de especies invasoras, entre otras muchas actuaciones que ir\u00e1n acompa\u00f1adas de cuentacuentos, rutas guiadas, snorkel y de un sinf\u00edn de propuestas que har\u00e1n de este voluntariado una experiencia \u00fanica.<\/p>\n<p>&nbsp;<\/p>\n<p>El primer acto p\u00fablico de \u2018VoluntHar\u00ed@\u2019 tendr\u00e1 lugar el s\u00e1bado, 1 de abril, con la actuaci\u00f3n del grupo Ciempi\u00e9s Ni Cabeza a las 12:00 horas, en la Hoya de Har\u00eda. Durante la celebraci\u00f3n del concierto las personas interesadas en formar parte o simplemente en recibir m\u00e1s informaci\u00f3n pueden dirigirse a la mesa informativa ubicada en las proximidades.<\/p>\n<p>&nbsp;<\/p>\n<p>\u201cAunque el programa, as\u00ed como las actividades a desarrollar a lo largo del a\u00f1o, se presentar\u00e1n el pr\u00f3ximo 30 de marzo en una rueda de prensa, animo a los vecinos del municipio a formar parte de \u2018VoluntHar\u00ed@\u2019, ha puntualizado el concejal Jos\u00e9 P\u00e9rez Dorta, ya que es fundamental la colaboraci\u00f3n de todos para lograr poner en marcha pol\u00edticas medioambientales activas\u201d.<\/p>\n<p>&nbsp;<\/p>\n<p>\u00bfY t\u00fa? \u00bfQu\u00e9 HAR\u00cdAs? \u00danete al movimiento de \u2018VoluntHar\u00ed@\u2019.<\/p>\n<p>&nbsp;<\/p>\n","protected":false},"excerpt":{"rendered":"<p>La Concejal\u00eda de Medio Ambiente, que dirige Jos\u00e9 P\u00e9rez Dorta, promueve el primer programa de voluntariado social y medio ambiental \u2018VoluntHar\u00ed@\u2019 con el objetivo de sentar la bases para lograr un municipio m\u00e1s sostenible y una sociedad m\u00e1s solidaria y cooperativa.<\/p>\n","protected":false},"author":7,"featured_media":8407,"comment_status":"closed","ping_status":"closed","sticky":false,"template":"","format":"standard","meta":{"footnotes":""},"categories":[11,51],"tags":[],"class_list":["post-8406","post","type-post","status-publish","format-standard","has-post-thumbnail","hentry","category-hoja-de-haria","category-medioambiente"],"_links":{"self":[{"href":"https:\/\/www.ayuntamientodeharia.com\/haria\/wp-json\/wp\/v2\/posts\/8406","targetHints":{"allow":["GET"]}}],"collection":[{"href":"https:\/\/www.ayuntamientodeharia.com\/haria\/wp-json\/wp\/v2\/posts"}],"about":[{"href":"https:\/\/www.ayuntamientodeharia.com\/haria\/wp-json\/wp\/v2\/types\/post"}],"author":[{"embeddable":true,"href":"https:\/\/www.ayuntamientodeharia.com\/haria\/wp-json\/wp\/v2\/users\/7"}],"replies":[{"embeddable":true,"href":"https:\/\/www.ayuntamientodeharia.com\/haria\/wp-json\/wp\/v2\/comments?post=8406"}],"version-history":[{"count":1,"href":"https:\/\/www.ayuntamientodeharia.com\/haria\/wp-json\/wp\/v2\/posts\/8406\/revisions"}],"predecessor-version":[{"id":8408,"href":"https:\/\/www.ayuntamientodeharia.com\/haria\/wp-json\/wp\/v2\/posts\/8406\/revisions\/8408"}],"wp:featuredmedia":[{"embeddable":true,"href":"https:\/\/www.ayuntamientodeharia.com\/haria\/wp-json\/wp\/v2\/media\/8407"}],"wp:attachment":[{"href":"https:\/\/www.ayuntamientodeharia.com\/haria\/wp-json\/wp\/v2\/media?parent=8406"}],"wp:term":[{"taxonomy":"category","embeddable":true,"href":"https:\/\/www.ayuntamientodeharia.com\/haria\/wp-json\/wp\/v2\/categories?post=8406"},{"taxonomy":"post_tag","embeddable":true,"href":"https:\/\/www.ayuntamientodeharia.com\/haria\/wp-json\/wp\/v2\/tags?post=8406"}],"curies":[{"name":"wp","href":"https:\/\/api.w.org\/{rel}","templated":true}]}}