{"id":8396,"date":"2017-03-24T18:06:33","date_gmt":"2017-03-24T18:06:33","guid":{"rendered":"http:\/\/www.ayuntamientodeharia.com\/haria\/?p=8396"},"modified":"2017-03-24T18:08:26","modified_gmt":"2017-03-24T18:08:26","slug":"competiciones-deportivas-del-fin-de-semana","status":"publish","type":"post","link":"https:\/\/www.ayuntamientodeharia.com\/haria\/competiciones-deportivas-del-fin-de-semana\/","title":{"rendered":"Competiciones deportivas del fin de semana"},"content":{"rendered":"<p><strong>F\u00daTBO<a href=\"http:\/\/www.ayuntamientodeharia.com\/haria\/wp-content\/uploads\/2017\/03\/Canchas-CEIP-San-Juan-de-HAria.jpg\"><img decoding=\"async\" class=\"alignleft wp-image-8210 size-thumbnail\" src=\"http:\/\/www.ayuntamientodeharia.com\/haria\/wp-content\/uploads\/2017\/03\/Canchas-CEIP-San-Juan-de-HAria-150x150.jpg\" alt=\"Canchas CEIP San Juan de HAria\" width=\"150\" height=\"150\" \/><\/a>L:<\/strong><\/p>\n<p>&nbsp;<\/p>\n<p><strong><u>BENJAM\u00cdN<\/u><\/strong><\/p>\n<p>TAHICHE B\u00a0 \u2013 HAR\u00cdA C.F.<\/p>\n<p>S\u00e1bado, 25 de marzo, a las 11:30h. en el Campo de F\u00fatbol de Tah\u00edche.<\/p>\n<p><strong><u>ALEV\u00cdN<\/u><\/strong><\/p>\n<p>HAR\u00cdA C. F. \u2013 MARITIMA A<\/p>\n<p>S\u00e1bado, 25 de marzo, a las 10:00h. en el\u00a0 Campo de F\u00fatbol Ladislao Rodr\u00edguez Bonilla,\u00a0 Har\u00eda.<\/p>\n<p><!--more--><\/p>\n<p>&nbsp;<\/p>\n<p><strong><u>INFANTI<\/u><\/strong>L<\/p>\n<p>HAR\u00cdA C.F. \u2013 TAHICHE B<\/p>\n<p>S\u00e1bado, 25 de marzo, a las 12:00h. en el\u00a0 Campo de F\u00fatbol Ladislao Rodr\u00edguez Bonilla,\u00a0 Har\u00eda.<\/p>\n<p><strong><u>JUVENIL <\/u><\/strong><\/p>\n<p>HAR\u00cdA C.F. \u2013 SAN BARTOLOME<\/p>\n<p>Viernes, 24 de marzo, a las 21:00h. en el\u00a0 Campo de F\u00fatbol Ladislao Rodr\u00edguez Bonilla,\u00a0 Har\u00eda.<\/p>\n<p><strong><u>REGIONAL<\/u><\/strong><\/p>\n<p>VICTORIA C.D. &#8211; HAR\u00cdA C.F.<\/p>\n<p>S\u00e1bado, 25 de marzo,\u00a0 a las 16:00h. en Gran Canaria.<\/p>\n<p><strong>\u00a0<\/strong><\/p>\n<p><strong>LUCHA CANARIA:<\/strong><\/p>\n<p>&nbsp;<\/p>\n<p><strong><u>CATEGOR\u00cdA BASE, JUEGOS DE PROMOCI\u00d3N DEPORTIVA:<\/u><\/strong><\/p>\n<p>Viernes, 24 de marzo, a las 17:00h. en el Terrero de Lucha \u201cUlpiano Rodr\u00edguez\u201d de T\u00edas.<\/p>\n<p>&nbsp;<\/p>\n<p><strong>BENJAM\u00cdN<\/strong><\/p>\n<p>C.L. UNI\u00d3N NORTE \u2013 C.L. TAO<\/p>\n<p><strong>ALEV\u00cdN<\/strong><\/p>\n<p>C.L. UNI\u00d3N NORTE \u2013 C.L. TAO<\/p>\n<p><strong>INFANTIL<\/strong><\/p>\n<p>C.L. UNI\u00d3N NORTE \u2013 C.L. TAO<\/p>\n<p><strong><u>JUVENIL Y CADETE<\/u><\/strong><\/p>\n<p>Lunes, 27 de marzo, a las 20:00h. en el Terrero de Lucha \u201cLuis Montero Barreto\u201d de Har\u00eda.<\/p>\n<p><strong><u>SENIOR<\/u><\/strong><\/p>\n<p>Viernes, 31 de marzo, a las 21:00h. en el Terrero de Lucha \u201cUlpiano Rodr\u00edguez\u201d de T\u00edas.<\/p>\n<p>U.S. TIAS &#8211; C.L. UNI\u00d3N NORTE<\/p>\n<p><strong>\u00a0<\/strong><\/p>\n<p><strong>BALONCESTO:<\/strong><\/p>\n<p>&nbsp;<\/p>\n<p><strong><u>JUEGOS INSULARES DE PROMOCION DEPORTIVA:<\/u><\/strong><\/p>\n<p>S\u00e1bado, 25 de marzo, en la pista de minibasket de Arrecife\/Pabell\u00f3n Municipal de Titerroy, Ciudad Deportiva de Lanzarote.<\/p>\n<p><strong>\u00a0<\/strong><\/p>\n<p><strong>CATEGOR\u00cdA BENJAM\u00cdN MASCULINO<\/strong><\/p>\n<p>11:00h.: CLUB BALONCESTO HAR\u00cdA VUELTA ARRIBA &#8211; CONEJEROS GERANIOS<\/p>\n<p><strong>CATEGOR\u00cdA BENJAM\u00cdN FEMENINO<\/strong><\/p>\n<p>10:00H.- LIDL MAGEC TIAS,07\u00a0 &#8211; CLUB BALONCESTO HAR\u00cdA VUELTA ARRIBA<\/p>\n","protected":false},"excerpt":{"rendered":"<p>F\u00daTBOL: &nbsp; BENJAM\u00cdN TAHICHE B\u00a0 \u2013 HAR\u00cdA C.F. S\u00e1bado, 25 de marzo, a las 11:30h. en el Campo de F\u00fatbol de Tah\u00edche. ALEV\u00cdN HAR\u00cdA C. F. \u2013 MARITIMA A S\u00e1bado, 25 de marzo, a las 10:00h. en el\u00a0 Campo de F\u00fatbol Ladislao Rodr\u00edguez Bonilla,\u00a0 Har\u00eda.<\/p>\n","protected":false},"author":7,"featured_media":0,"comment_status":"closed","ping_status":"closed","sticky":false,"template":"","format":"standard","meta":{"footnotes":""},"categories":[17,11],"tags":[],"class_list":["post-8396","post","type-post","status-publish","format-standard","hentry","category-deportes","category-hoja-de-haria"],"_links":{"self":[{"href":"https:\/\/www.ayuntamientodeharia.com\/haria\/wp-json\/wp\/v2\/posts\/8396","targetHints":{"allow":["GET"]}}],"collection":[{"href":"https:\/\/www.ayuntamientodeharia.com\/haria\/wp-json\/wp\/v2\/posts"}],"about":[{"href":"https:\/\/www.ayuntamientodeharia.com\/haria\/wp-json\/wp\/v2\/types\/post"}],"author":[{"embeddable":true,"href":"https:\/\/www.ayuntamientodeharia.com\/haria\/wp-json\/wp\/v2\/users\/7"}],"replies":[{"embeddable":true,"href":"https:\/\/www.ayuntamientodeharia.com\/haria\/wp-json\/wp\/v2\/comments?post=8396"}],"version-history":[{"count":5,"href":"https:\/\/www.ayuntamientodeharia.com\/haria\/wp-json\/wp\/v2\/posts\/8396\/revisions"}],"predecessor-version":[{"id":8401,"href":"https:\/\/www.ayuntamientodeharia.com\/haria\/wp-json\/wp\/v2\/posts\/8396\/revisions\/8401"}],"wp:attachment":[{"href":"https:\/\/www.ayuntamientodeharia.com\/haria\/wp-json\/wp\/v2\/media?parent=8396"}],"wp:term":[{"taxonomy":"category","embeddable":true,"href":"https:\/\/www.ayuntamientodeharia.com\/haria\/wp-json\/wp\/v2\/categories?post=8396"},{"taxonomy":"post_tag","embeddable":true,"href":"https:\/\/www.ayuntamientodeharia.com\/haria\/wp-json\/wp\/v2\/tags?post=8396"}],"curies":[{"name":"wp","href":"https:\/\/api.w.org\/{rel}","templated":true}]}}