{"id":8393,"date":"2017-03-24T18:03:38","date_gmt":"2017-03-24T18:03:38","guid":{"rendered":"http:\/\/www.ayuntamientodeharia.com\/haria\/?p=8393"},"modified":"2017-04-10T07:50:15","modified_gmt":"2017-04-10T07:50:15","slug":"balcon-de-haria-52","status":"publish","type":"post","link":"https:\/\/www.ayuntamientodeharia.com\/haria\/balcon-de-haria-52\/","title":{"rendered":"Balc\u00f3n de Har\u00eda"},"content":{"rendered":"<p><strong><a href=\"http:\/\/www.ayuntamientodeharia.com\/haria\/wp-content\/uploads\/2016\/01\/gregorio.jpg\"><img decoding=\"async\" class=\"alignleft wp-image-3454 size-thumbnail\" src=\"http:\/\/www.ayuntamientodeharia.com\/haria\/wp-content\/uploads\/2016\/01\/gregorio-150x150.jpg\" alt=\"gregorio\" width=\"150\" height=\"150\" \/><\/a>Por Gregorio Barreto Vi\u00f1oly<\/strong><\/p>\n<p>&nbsp;<\/p>\n<p><strong>De las excursiones o salidas cortas de gira que se hac\u00edan antes <\/strong><\/p>\n<p>&nbsp;<\/p>\n<p>&nbsp;<\/p>\n<p>&nbsp;<\/p>\n<p>Siempre la gente ha tenido en su mente la idea de salir de gira, o lo que es igual, el ir de excursi\u00f3n normalmente en salida corta dentro de la isla, para lo que se un\u00edan varias personas en plan de amigos y se iban al lugar que les apetec\u00eda, en el bien entendido, que antes no hab\u00eda coches, y hab\u00eda que salir caminando, o especialmente en burro o camello, y que si la salida era por la ma\u00f1ana, ya por la tarde estaban de regreso.<\/p>\n<p>&nbsp;<\/p>\n<p>Pensemos que la gente iba en especial hasta una orilla del mar o playa, y los puntos m\u00e1s elegidos eran los de Arrieta y Punta Mujeres, y tambi\u00e9n \u00d3rzola, pero tambi\u00e9n hab\u00eda alg\u00fan grupo que se iba a otros lugares, como cualquier sitio del campo abierto, del Malpa\u00eds, como eran importantes los de La Cueva de los Verdes y los Jameos del Agua, y en algunas ocasiones ten\u00edan en proyecto investigar y meterse en algunas cuevas que a veces resultaban hasta peligrosas, pero tambi\u00e9n hab\u00eda alg\u00fan grupo que se iba sin tener linternas fuertes o fogones, y entonces poco era lo que pod\u00edan introducirse, al no tener luz.<\/p>\n<p>&nbsp;<\/p>\n<p>Y de ello se recuerda como entusiastas y atrevidos a Don Pedro Luzardo Cabrera y otros m\u00e1s antiguos, en los a\u00f1os de 1930 y 1940, pero posteriormente tambi\u00e9n fueron saliendo otros, y vaya que los hermanos Reyes Espino, como Paco y Nicol\u00e1s, y de Paco en especial, constan haza\u00f1as peligrosas, cubriendo un buen rengl\u00f3n en ello, en el mundo de la espeleolog\u00eda, como tambi\u00e9n \u00d3scar Torres Berriel y algunos otros que se fueron entusiasmando y sumando a los grupos que se organizaban para visitar estos lugares. Tambi\u00e9n el que fuera alcalde, Don Mariano L\u00f3pez Socas, gustaba de ellos y Crist\u00f3bal Rodr\u00edguez Fontes cubri\u00f3 una haza\u00f1a atrevida.<\/p>\n<p>&nbsp;<\/p>\n<p>Pero estas excursiones o giras tambi\u00e9n las llevaban a cabo los maestros de escuela y por cierto hubo alg\u00fan problema por malentendidos que no llegaron a ser muy importantes, pero lo m\u00e1s que se prefer\u00eda era el ir a Arrieta, pero tambi\u00e9n a lugares del Malpais, como la Cueva de los Verdes y los Jameos del Agua. Se recuerda a\u00fan de ver los comistrajes al Poniente del Charco de los Jameos del Agua, en que no sol\u00edan faltar las pi\u00f1as.<\/p>\n<p>&nbsp;<\/p>\n<p>Y es que estas excursiones se llegaron a realizar hasta la isla de La Graciosa, Monta\u00f1a Clara y Alegranza, pero estas llevaban un objetivo marcado, que era el de la caza de pardelas, en especial en los meses de agosto, cuando no pod\u00eda faltar el vino de la tierra.<\/p>\n<p>&nbsp;<\/p>\n<p>Lo mejor que ten\u00edan estas excursiones era que en ellas se hallaba previsto el buscar un momento para comer, y as\u00ed llevaba cada uno lo que ten\u00eda o pod\u00eda, como era en especial las pi\u00f1as, pero tambi\u00e9n queso, pescado que ellos mismos se proporcionaban en un marisqueo en las cercan\u00edas, a veces, y se utilizaban tambi\u00e9n antes las sardinas, que era un pescado f\u00e1cil de conseguir y a precio barato y hasta regalado si hab\u00eda alg\u00fan amigo que lo facilitara, que era bastante normal entonces.<\/p>\n<p>&nbsp;<\/p>\n<p>Ya m\u00e1s tarde, cuando empezaron a aparecer los veh\u00edculos, ya se fueron organizando de una forma m\u00e1s masiva, por agrupaciones de la Tercera Edad, deportivas, sociales o de sociedades culturales y de otro tipo, que se hac\u00edan por el otro extremo de la isla y la gente quedaba muy contenta por dar este recorrido en un plan divertido.<\/p>\n","protected":false},"excerpt":{"rendered":"<p>Por Gregorio Barreto Vi\u00f1oly &nbsp; De las excursiones o salidas cortas de gira que se hac\u00edan antes &nbsp; &nbsp; &nbsp; Siempre la gente ha tenido en su mente la idea de salir de gira, o lo que es igual, el ir de excursi\u00f3n normalmente en salida corta dentro de la isla, para lo que se [&hellip;]<\/p>\n","protected":false},"author":7,"featured_media":0,"comment_status":"closed","ping_status":"closed","sticky":false,"template":"","format":"standard","meta":{"footnotes":""},"categories":[94,11],"tags":[],"class_list":["post-8393","post","type-post","status-publish","format-standard","hentry","category-balcon-de-haria","category-hoja-de-haria"],"_links":{"self":[{"href":"https:\/\/www.ayuntamientodeharia.com\/haria\/wp-json\/wp\/v2\/posts\/8393","targetHints":{"allow":["GET"]}}],"collection":[{"href":"https:\/\/www.ayuntamientodeharia.com\/haria\/wp-json\/wp\/v2\/posts"}],"about":[{"href":"https:\/\/www.ayuntamientodeharia.com\/haria\/wp-json\/wp\/v2\/types\/post"}],"author":[{"embeddable":true,"href":"https:\/\/www.ayuntamientodeharia.com\/haria\/wp-json\/wp\/v2\/users\/7"}],"replies":[{"embeddable":true,"href":"https:\/\/www.ayuntamientodeharia.com\/haria\/wp-json\/wp\/v2\/comments?post=8393"}],"version-history":[{"count":3,"href":"https:\/\/www.ayuntamientodeharia.com\/haria\/wp-json\/wp\/v2\/posts\/8393\/revisions"}],"predecessor-version":[{"id":8551,"href":"https:\/\/www.ayuntamientodeharia.com\/haria\/wp-json\/wp\/v2\/posts\/8393\/revisions\/8551"}],"wp:attachment":[{"href":"https:\/\/www.ayuntamientodeharia.com\/haria\/wp-json\/wp\/v2\/media?parent=8393"}],"wp:term":[{"taxonomy":"category","embeddable":true,"href":"https:\/\/www.ayuntamientodeharia.com\/haria\/wp-json\/wp\/v2\/categories?post=8393"},{"taxonomy":"post_tag","embeddable":true,"href":"https:\/\/www.ayuntamientodeharia.com\/haria\/wp-json\/wp\/v2\/tags?post=8393"}],"curies":[{"name":"wp","href":"https:\/\/api.w.org\/{rel}","templated":true}]}}