{"id":8268,"date":"2017-03-13T17:40:15","date_gmt":"2017-03-13T17:40:15","guid":{"rendered":"http:\/\/www.ayuntamientodeharia.com\/haria\/?p=8268"},"modified":"2017-03-13T17:40:15","modified_gmt":"2017-03-13T17:40:15","slug":"bollywood-llega-al-palmeral-por-carnaval-programa-de-actos","status":"publish","type":"post","link":"https:\/\/www.ayuntamientodeharia.com\/haria\/bollywood-llega-al-palmeral-por-carnaval-programa-de-actos\/","title":{"rendered":"\u2018Bollywood llega al palmeral por carnaval\u2019. Programa de actos"},"content":{"rendered":"<p>El Ayuntamiento de Har\u00eda present\u00f3 oficialmente los actos del programa del Carnaval que tendr\u00e1n lugar del jueves 16 al domingo, 19 de marzo, bajo la alegor\u00eda &#8216;Bollywood llega al palmeral por carnaval\u2019.<\/p>\n<p>&nbsp;<\/p>\n<p>En el acto estuvieron presentes el alcalde norte\u00f1o, Marci Acu\u00f1a, los concejales de Festejos y Parque M\u00f3vil, Soraya Brito y V\u00edctor Robayna, respectivamente, \u00a0y el jefe de la Polic\u00eda Local de Har\u00eda, Rub\u00e9n Meli\u00e1.<\/p>\n<p><!--more--><\/p>\n<p>&nbsp;<\/p>\n<p>El programa de actos es el siguiente:<\/p>\n<p>&nbsp;<\/p>\n<p><strong>Jueves, 16 de marzo:<\/strong><\/p>\n<p><strong>\u00a0<\/strong><\/p>\n<p>17:00h.- Fiesta de Carnaval para las personas mayores del municipio en el Centro Sociocultural La Tegala.<\/p>\n<p>21.00h.- Show de apertura del Carnaval a cargo de la escuela de bailes latinos El Norte.<\/p>\n<p>&nbsp;<\/p>\n<p><strong>Viernes, 17 de marzo: <\/strong><\/p>\n<p>&nbsp;<\/p>\n<p>10.00h.- Pasacalle con la participaci\u00f3n de los alumnos del CEIP San Juan y el IES Har\u00eda.<\/p>\n<p>21:00h.- Encuentro de murgas con la participaci\u00f3n de los Tabletuos, Desahuciados, Titi Roys y Vacilonas en la Plaza de Har\u00eda.<\/p>\n<p>23:00h.- Verbena de Carnaval amenizada por los D\u00b4js Furre y Jonih y el grupo Bomba.<\/p>\n<p>&nbsp;<\/p>\n<p><strong>S\u00e1bado, 18 de marzo: <\/strong><\/p>\n<p>&nbsp;<\/p>\n<p>11:00h.- Taller infantil para la elaboraci\u00f3n de atrezos de Carnaval.<\/p>\n<p>12:30h.- Pasacalle infantil con la participaci\u00f3n de la Patrulla Canina, drag queens, drag 2015 de Las Palmas de Gran Canaria y batucada.<\/p>\n<p>19:00h.- Coso del Carnaval con desfile de carrozas, murgas, comparsas, batucadas y un gran n\u00famero de mascaritas desde los aparcamientos del cementerio hasta la Plaza de Har\u00eda.<\/p>\n<p>21:00h.- Verbena de Carnaval amenizada por la orquesta K\u00f3digo 10 en la Plaza de Har\u00eda.<\/p>\n<p>De 23:00 a 02:00h.- D\u00b4j Javi Torres, Percusi\u00f3n Live con bailarinas y drags show en la Plaza de Har\u00eda.<\/p>\n<p>De 02:00 a 04:00h.- Verbena de Carnaval amenizada por la orquesta K\u00f3digo 10 en la Plaza de Har\u00eda.<\/p>\n<p>&nbsp;<\/p>\n<p><strong>Domingo, 19 de marzo:<\/strong><\/p>\n<p>&nbsp;<\/p>\n<p>Carnaval de la Tapa.<\/p>\n<p>13:30h.- Verbena amenizada por el grupo Bomba y la orquesta K\u00f3digo 10.<\/p>\n<p>17:30h.- Carnaval del llanto. Entierro de la sardina acompa\u00f1ado por la batucada Womanbatuca.<\/p>\n<p>18:30h.- Carnaval de risas. Show humor\u00edstico a cargo de Kike P\u00e9rez &amp; Aron G\u00f3mez.<\/p>\n<p>&nbsp;<\/p>\n","protected":false},"excerpt":{"rendered":"<p>El Ayuntamiento de Har\u00eda present\u00f3 oficialmente los actos del programa del Carnaval que tendr\u00e1n lugar del jueves 16 al domingo, 19 de marzo, bajo la alegor\u00eda &#8216;Bollywood llega al palmeral por carnaval\u2019. &nbsp; En el acto estuvieron presentes el alcalde norte\u00f1o, Marci Acu\u00f1a, los concejales de Festejos y Parque M\u00f3vil, Soraya Brito y V\u00edctor Robayna, [&hellip;]<\/p>\n","protected":false},"author":7,"featured_media":8270,"comment_status":"closed","ping_status":"closed","sticky":false,"template":"","format":"standard","meta":{"footnotes":""},"categories":[15,81,89],"tags":[],"class_list":["post-8268","post","type-post","status-publish","format-standard","has-post-thumbnail","hentry","category-festejos","category-municipio","category-policia-local"],"_links":{"self":[{"href":"https:\/\/www.ayuntamientodeharia.com\/haria\/wp-json\/wp\/v2\/posts\/8268","targetHints":{"allow":["GET"]}}],"collection":[{"href":"https:\/\/www.ayuntamientodeharia.com\/haria\/wp-json\/wp\/v2\/posts"}],"about":[{"href":"https:\/\/www.ayuntamientodeharia.com\/haria\/wp-json\/wp\/v2\/types\/post"}],"author":[{"embeddable":true,"href":"https:\/\/www.ayuntamientodeharia.com\/haria\/wp-json\/wp\/v2\/users\/7"}],"replies":[{"embeddable":true,"href":"https:\/\/www.ayuntamientodeharia.com\/haria\/wp-json\/wp\/v2\/comments?post=8268"}],"version-history":[{"count":2,"href":"https:\/\/www.ayuntamientodeharia.com\/haria\/wp-json\/wp\/v2\/posts\/8268\/revisions"}],"predecessor-version":[{"id":8271,"href":"https:\/\/www.ayuntamientodeharia.com\/haria\/wp-json\/wp\/v2\/posts\/8268\/revisions\/8271"}],"wp:featuredmedia":[{"embeddable":true,"href":"https:\/\/www.ayuntamientodeharia.com\/haria\/wp-json\/wp\/v2\/media\/8270"}],"wp:attachment":[{"href":"https:\/\/www.ayuntamientodeharia.com\/haria\/wp-json\/wp\/v2\/media?parent=8268"}],"wp:term":[{"taxonomy":"category","embeddable":true,"href":"https:\/\/www.ayuntamientodeharia.com\/haria\/wp-json\/wp\/v2\/categories?post=8268"},{"taxonomy":"post_tag","embeddable":true,"href":"https:\/\/www.ayuntamientodeharia.com\/haria\/wp-json\/wp\/v2\/tags?post=8268"}],"curies":[{"name":"wp","href":"https:\/\/api.w.org\/{rel}","templated":true}]}}