{"id":8264,"date":"2017-03-13T17:30:18","date_gmt":"2017-03-13T17:30:18","guid":{"rendered":"http:\/\/www.ayuntamientodeharia.com\/haria\/?p=8264"},"modified":"2017-03-13T17:30:18","modified_gmt":"2017-03-13T17:30:18","slug":"sanidad-repartira-dos-mil-preservativos-en-el-carnaval-de-haria-dentro-de-la-campana-para-un-sexo-mas-seguro","status":"publish","type":"post","link":"https:\/\/www.ayuntamientodeharia.com\/haria\/sanidad-repartira-dos-mil-preservativos-en-el-carnaval-de-haria-dentro-de-la-campana-para-un-sexo-mas-seguro\/","title":{"rendered":"Sanidad repartir\u00e1 dos mil preservativos en el Carnaval de Har\u00eda dentro de la campa\u00f1a \u2018Para un sexo m\u00e1s seguro\u2019"},"content":{"rendered":"<p>El Sal\u00f3n de Plenos del Ayuntamiento de Har\u00eda acogi\u00f3 en la ma\u00f1ana de hoy la presentaci\u00f3n de la campa\u00f1a de prevenci\u00f3n \u2018Para un sexo m\u00e1s seguro\u2019, puesta en marcha por la Consejer\u00eda de\u00a0Sanidad\u00a0del\u00a0Gobierno de Canarias, a trav\u00e9s de la Direcci\u00f3n General de Salud P\u00fablica, con motivo de la celebraci\u00f3n de los carnavales.<\/p>\n<p><!--more--><\/p>\n<p>&nbsp;<\/p>\n<p>As\u00ed, se repartir\u00e1n dos mil preservativos durante el pr\u00f3ximo fin de semana en los ventorrillos y las zonas de Protecci\u00f3n Civil del municipio norte\u00f1o, con el fin de prevenir infecciones de transmisi\u00f3n sexual (ITS) y embarazos no deseados entre los j\u00f3venes y adolescentes.<\/p>\n<p>&nbsp;<\/p>\n<p>En el acto, en el que se dio a conocer tambi\u00e9n el programa del Carnaval de Har\u00eda, que se celebra del 16 al 19 de marzo, bajo la alegor\u00eda \u2018Bollywood llega al palmeral por carnaval\u2019, estuvieron presentes el alcalde norte\u00f1o, Marci Acu\u00f1a, la concejala de Festejos, Soraya Brito, y el director del \u00c1rea de Salud de Lanzarote, Erasmo Garc\u00eda.<\/p>\n","protected":false},"excerpt":{"rendered":"<p>El Sal\u00f3n de Plenos del Ayuntamiento de Har\u00eda acogi\u00f3 en la ma\u00f1ana de hoy la presentaci\u00f3n de la campa\u00f1a de prevenci\u00f3n \u2018Para un sexo m\u00e1s seguro\u2019, puesta en marcha por la Consejer\u00eda de\u00a0Sanidad\u00a0del\u00a0Gobierno de Canarias, a trav\u00e9s de la Direcci\u00f3n General de Salud P\u00fablica, con motivo de la celebraci\u00f3n de los carnavales.<\/p>\n","protected":false},"author":7,"featured_media":8265,"comment_status":"closed","ping_status":"closed","sticky":false,"template":"","format":"standard","meta":{"footnotes":""},"categories":[15,81,64],"tags":[],"class_list":["post-8264","post","type-post","status-publish","format-standard","has-post-thumbnail","hentry","category-festejos","category-municipio","category-sanidad"],"_links":{"self":[{"href":"https:\/\/www.ayuntamientodeharia.com\/haria\/wp-json\/wp\/v2\/posts\/8264","targetHints":{"allow":["GET"]}}],"collection":[{"href":"https:\/\/www.ayuntamientodeharia.com\/haria\/wp-json\/wp\/v2\/posts"}],"about":[{"href":"https:\/\/www.ayuntamientodeharia.com\/haria\/wp-json\/wp\/v2\/types\/post"}],"author":[{"embeddable":true,"href":"https:\/\/www.ayuntamientodeharia.com\/haria\/wp-json\/wp\/v2\/users\/7"}],"replies":[{"embeddable":true,"href":"https:\/\/www.ayuntamientodeharia.com\/haria\/wp-json\/wp\/v2\/comments?post=8264"}],"version-history":[{"count":2,"href":"https:\/\/www.ayuntamientodeharia.com\/haria\/wp-json\/wp\/v2\/posts\/8264\/revisions"}],"predecessor-version":[{"id":8267,"href":"https:\/\/www.ayuntamientodeharia.com\/haria\/wp-json\/wp\/v2\/posts\/8264\/revisions\/8267"}],"wp:featuredmedia":[{"embeddable":true,"href":"https:\/\/www.ayuntamientodeharia.com\/haria\/wp-json\/wp\/v2\/media\/8265"}],"wp:attachment":[{"href":"https:\/\/www.ayuntamientodeharia.com\/haria\/wp-json\/wp\/v2\/media?parent=8264"}],"wp:term":[{"taxonomy":"category","embeddable":true,"href":"https:\/\/www.ayuntamientodeharia.com\/haria\/wp-json\/wp\/v2\/categories?post=8264"},{"taxonomy":"post_tag","embeddable":true,"href":"https:\/\/www.ayuntamientodeharia.com\/haria\/wp-json\/wp\/v2\/tags?post=8264"}],"curies":[{"name":"wp","href":"https:\/\/api.w.org\/{rel}","templated":true}]}}