{"id":8175,"date":"2017-03-07T11:07:47","date_gmt":"2017-03-07T11:07:47","guid":{"rendered":"http:\/\/www.ayuntamientodeharia.com\/haria\/?p=8175"},"modified":"2017-03-08T13:34:17","modified_gmt":"2017-03-08T13:34:17","slug":"exposicion-de-los-alumnos-del-taller-de-pintura-y-manualidades","status":"publish","type":"post","link":"https:\/\/www.ayuntamientodeharia.com\/haria\/exposicion-de-los-alumnos-del-taller-de-pintura-y-manualidades\/","title":{"rendered":"Exposici\u00f3n de los alumnos del taller de pintura y manualidades"},"content":{"rendered":"<p><a href=\"http:\/\/www.ayuntamientodeharia.com\/haria\/wp-content\/uploads\/2017\/03\/CARTEL-EXPSOICION.jpg\"><img fetchpriority=\"high\" decoding=\"async\" class=\"alignleft wp-image-8176 size-medium\" src=\"http:\/\/www.ayuntamientodeharia.com\/haria\/wp-content\/uploads\/2017\/03\/CARTEL-EXPSOICION-212x300.jpg\" alt=\"CARTEL EXPSOICION\" width=\"212\" height=\"300\" srcset=\"https:\/\/www.ayuntamientodeharia.com\/haria\/wp-content\/uploads\/2017\/03\/CARTEL-EXPSOICION-212x300.jpg 212w, https:\/\/www.ayuntamientodeharia.com\/haria\/wp-content\/uploads\/2017\/03\/CARTEL-EXPSOICION-768x1086.jpg 768w, https:\/\/www.ayuntamientodeharia.com\/haria\/wp-content\/uploads\/2017\/03\/CARTEL-EXPSOICION-724x1024.jpg 724w\" sizes=\"(max-width: 212px) 100vw, 212px\" \/><\/a>La sala de exposiciones El Aljibe de Har\u00eda acoger\u00e1 el pr\u00f3ximo s\u00e1bado, 11 de marzo, a las 12:00 horas, la inauguraci\u00f3n de una muestra colectiva a cargo de los alumnos del Taller de Pintura y Manualidades, que organiza el \u00c1rea de Igualdad, coordinada por Auxiliadora Fern\u00e1ndez.<\/p>\n<p>&nbsp;<\/p>\n<p>La exposici\u00f3n podr\u00e1 contemplarse hasta el 25 de marzo, de lunes a s\u00e1bado, en horario de 10:00 a 14:00 horas.<\/p>\n<p><!--more--><\/p>\n<p>Cabe recordar que el Taller de Manualidades se reanud\u00f3 el pasado mes de febrero y se imparte los lunes, de 16:00 a 18:00 horas, en \u00d3rzola, y de 18:30 a 20:30 horas, en Har\u00eda; y los viernes, de 16:00 a 18:00 horas, en Mala.<\/p>\n<p>&nbsp;<\/p>\n<p>Por otro lado, el Taller de Pintura se est\u00e1 desarrollando los martes y jueves, de 16:30 a 19:00 horas, en el Taller de Artesan\u00eda de Har\u00eda. El coste de ambas actividades es de 10 euros mensuales.<\/p>\n<p>&nbsp;<\/p>\n<p>Las personas interesadas en participar en alguna de estas actividades deber\u00e1n ser mayores de 18 a\u00f1os y lo pueden hacer llamando al Departamento de Cultura a los tel\u00e9fonos 928 835 009 y 928 835 300 o directamente en el lugar donde se desarrolla la actividad.<\/p>\n","protected":false},"excerpt":{"rendered":"<p>La sala de exposiciones El Aljibe de Har\u00eda acoger\u00e1 el pr\u00f3ximo s\u00e1bado, 11 de marzo, a las 12:00 horas, la inauguraci\u00f3n de una muestra colectiva a cargo de los alumnos del Taller de Pintura y Manualidades, que organiza el \u00c1rea de Igualdad, coordinada por Auxiliadora Fern\u00e1ndez. &nbsp; La exposici\u00f3n podr\u00e1 contemplarse hasta el 25 de [&hellip;]<\/p>\n","protected":false},"author":7,"featured_media":0,"comment_status":"closed","ping_status":"closed","sticky":false,"template":"","format":"standard","meta":{"footnotes":""},"categories":[16,193,11,30],"tags":[],"class_list":["post-8175","post","type-post","status-publish","format-standard","hentry","category-cultura","category-exposiciones","category-hoja-de-haria","category-igualdad"],"_links":{"self":[{"href":"https:\/\/www.ayuntamientodeharia.com\/haria\/wp-json\/wp\/v2\/posts\/8175","targetHints":{"allow":["GET"]}}],"collection":[{"href":"https:\/\/www.ayuntamientodeharia.com\/haria\/wp-json\/wp\/v2\/posts"}],"about":[{"href":"https:\/\/www.ayuntamientodeharia.com\/haria\/wp-json\/wp\/v2\/types\/post"}],"author":[{"embeddable":true,"href":"https:\/\/www.ayuntamientodeharia.com\/haria\/wp-json\/wp\/v2\/users\/7"}],"replies":[{"embeddable":true,"href":"https:\/\/www.ayuntamientodeharia.com\/haria\/wp-json\/wp\/v2\/comments?post=8175"}],"version-history":[{"count":4,"href":"https:\/\/www.ayuntamientodeharia.com\/haria\/wp-json\/wp\/v2\/posts\/8175\/revisions"}],"predecessor-version":[{"id":8204,"href":"https:\/\/www.ayuntamientodeharia.com\/haria\/wp-json\/wp\/v2\/posts\/8175\/revisions\/8204"}],"wp:attachment":[{"href":"https:\/\/www.ayuntamientodeharia.com\/haria\/wp-json\/wp\/v2\/media?parent=8175"}],"wp:term":[{"taxonomy":"category","embeddable":true,"href":"https:\/\/www.ayuntamientodeharia.com\/haria\/wp-json\/wp\/v2\/categories?post=8175"},{"taxonomy":"post_tag","embeddable":true,"href":"https:\/\/www.ayuntamientodeharia.com\/haria\/wp-json\/wp\/v2\/tags?post=8175"}],"curies":[{"name":"wp","href":"https:\/\/api.w.org\/{rel}","templated":true}]}}